{"id":29962,"date":"2020-09-14T17:17:49","date_gmt":"2020-09-14T15:17:49","guid":{"rendered":"https:\/\/global-exam.com\/blog\/?p=29962"},"modified":"2021-03-17T11:24:35","modified_gmt":"2021-03-17T10:24:35","slug":"donde-se-puede-tomar-el-delf-en-cartagena","status":"publish","type":"post","link":"https:\/\/global-exam.com\/blog\/es\/donde-se-puede-tomar-el-delf-en-cartagena\/","title":{"rendered":"\u00bfD\u00f3nde se puede tomar el DELF en Cartagena?"},"content":{"rendered":"<p><div class=\"fusion-fullwidth fullwidth-box fusion-builder-row-1 fusion-flex-container nonhundred-percent-fullwidth non-hundred-percent-height-scrolling\" style=\"background-color: rgba(255,255,255,0);background-position: center center;background-repeat: no-repeat;border-width: 0px 0px 0px 0px;border-color:#eae9e9;border-style:solid;\" ><div class=\"fusion-builder-row fusion-row fusion-flex-align-items-flex-start\" style=\"max-width:calc( 1400px + 0px );margin-left: calc(-0px \/ 2 );margin-right: calc(-0px \/ 2 );\"><div class=\"fusion-layout-column fusion_builder_column fusion-builder-column-0 fusion_builder_column_1_1 1_1 fusion-flex-column\"><div class=\"fusion-column-wrapper fusion-flex-justify-content-flex-start fusion-content-layout-column\" style=\"background-position:left top;background-repeat:no-repeat;-webkit-background-size:cover;-moz-background-size:cover;-o-background-size:cover;background-size:cover;padding: 0px 0px 0px 0px;\"><div class=\"fusion-text fusion-text-1\"><p>En esta peque\u00f1a gu\u00eda te contamos c\u00f3mo funciona el DELF o <em>Dipl\u00f4me d&rsquo;\u00e9tudes en langue fran\u00e7aise<\/em>, un diploma reconocido a nivel internacional y ofertado en m\u00e1s de mil centros oficiales en todo el mundo.<\/p>\n<p>Te informamos sobre:<\/p>\n<ul>\n<li>D\u00f3nde es posible realizar este examen en la ciudad de Cartagena.<\/li>\n<li>Qu\u00e9 procedimiento hay que seguir para inscribirse.<\/li>\n<li>C\u00f3mo puedes prepararte con herramientas digitales.<\/li>\n<\/ul>\n<p>Si resides en Murcia, concretamente en Cartagena o alrededores, y te interesar\u00eda acreditar tu nivel de franc\u00e9s, este art\u00edculo es para ti. \u00bfQuieres<a href=\"https:\/\/global-exam.com\/blog\/es\/donde-se-puede-tomar-el-delf-en-espana\/\"> tomar el DELF en otro lugar de Espa\u00f1a<\/a>? Si vives en otra parte de Espa\u00f1a, tambi\u00e9n es posible tomar este examen en otras ciudades.<\/p>\n<\/div><\/div><style type=\"text\/css\">.fusion-body .fusion-builder-column-0{width:100% !important;margin-top : 0px;margin-bottom : 0px;}.fusion-builder-column-0 > .fusion-column-wrapper {padding-top : 0px !important;padding-right : 0px !important;margin-right : 0px;padding-bottom : 0px !important;padding-left : 0px !important;margin-left : 0px;}@media only screen and (max-width:1024px) {.fusion-body .fusion-builder-column-0{width:100% !important;}.fusion-builder-column-0 > .fusion-column-wrapper {margin-right : 0px;margin-left : 0px;}}@media only screen and (max-width:640px) {.fusion-body .fusion-builder-column-0{width:100% !important;}.fusion-builder-column-0 > .fusion-column-wrapper {margin-right : 0px;margin-left : 0px;}}<\/style><\/div><\/div><style type=\"text\/css\">.fusion-body .fusion-flex-container.fusion-builder-row-1{ padding-top : 0px;margin-top : 0px;padding-right : 0px;padding-bottom : 0px;margin-bottom : 0px;padding-left : 0px;}<\/style><\/div><div class=\"fusion-fullwidth fullwidth-box fusion-builder-row-2 fusion-flex-container nonhundred-percent-fullwidth non-hundred-percent-height-scrolling\" style=\"background-color: rgba(255,255,255,0);background-position: center center;background-repeat: no-repeat;border-width: 0px 0px 0px 0px;border-color:#eae9e9;border-style:solid;\" ><div class=\"fusion-builder-row fusion-row fusion-flex-align-items-flex-start\" style=\"max-width:calc( 1400px + 0px );margin-left: calc(-0px \/ 2 );margin-right: calc(-0px \/ 2 );\"><div class=\"fusion-layout-column fusion_builder_column fusion-builder-column-1 fusion_builder_column_1_1 1_1 fusion-flex-column\"><div class=\"fusion-column-wrapper fusion-flex-justify-content-flex-start fusion-content-layout-column\" style=\"background-position:left top;background-repeat:no-repeat;-webkit-background-size:cover;-moz-background-size:cover;-o-background-size:cover;background-size:cover;padding: 0px 0px 0px 0px;\"><div style=\"text-align:center;\"><style type=\"text\/css\">.fusion-button.button-1 .fusion-button-text, .fusion-button.button-1 i {color:#ffffff;}.fusion-button.button-1 .fusion-button-icon-divider{border-color:#ffffff;}.fusion-button.button-1:hover .fusion-button-text, .fusion-button.button-1:hover i,.fusion-button.button-1:focus .fusion-button-text, .fusion-button.button-1:focus i,.fusion-button.button-1:active .fusion-button-text, .fusion-button.button-1:active{color:#fe6c35;}.fusion-button.button-1:hover .fusion-button-icon-divider, .fusion-button.button-1:hover .fusion-button-icon-divider, .fusion-button.button-1:active .fusion-button-icon-divider{border-color:#fe6c35;}.fusion-button.button-1:hover, .fusion-button.button-1:focus, .fusion-button.button-1:active{border-color:#fe6c35;}.fusion-button.button-1 {border-color:#ffffff;border-radius:25px;}.fusion-button.button-1{background: #ff9800;}.fusion-button.button-1:hover,.button-1:focus,.fusion-button.button-1:active{background: #ffaa2b;}<\/style><a class=\"fusion-button button-flat button-large button-custom button-1 fusion-button-span-no fusion-button-default-type\" target=\"_blank\" rel=\"noopener noreferrer\" href=\"https:\/\/auth.global-exam.com\/register\"><span class=\"fusion-button-text\">Eval\u00faate gratuitamente<\/span><\/a><\/div><\/div><style type=\"text\/css\">.fusion-body .fusion-builder-column-1{width:100% !important;margin-top : 30px;margin-bottom : 60px;}.fusion-builder-column-1 > .fusion-column-wrapper {padding-top : 0px !important;padding-right : 0px !important;margin-right : 0px;padding-bottom : 0px !important;padding-left : 0px !important;margin-left : 0px;}@media only screen and (max-width:1024px) {.fusion-body .fusion-builder-column-1{width:100% !important;}.fusion-builder-column-1 > .fusion-column-wrapper {margin-right : 0px;margin-left : 0px;}}@media only screen and (max-width:640px) {.fusion-body .fusion-builder-column-1{width:100% !important;}.fusion-builder-column-1 > .fusion-column-wrapper {margin-right : 0px;margin-left : 0px;}}<\/style><\/div><\/div><style type=\"text\/css\">.fusion-body .fusion-flex-container.fusion-builder-row-2{ padding-top : 0px;margin-top : 0px;padding-right : 0px;padding-bottom : 0px;margin-bottom : 0px;padding-left : 0px;}<\/style><\/div><div class=\"fusion-fullwidth fullwidth-box fusion-builder-row-3 fusion-flex-container nonhundred-percent-fullwidth non-hundred-percent-height-scrolling\" style=\"background-color: rgba(255,255,255,0);background-position: center center;background-repeat: no-repeat;border-width: 0px 0px 0px 0px;border-color:#eae9e9;border-style:solid;\" ><div class=\"fusion-builder-row fusion-row fusion-flex-align-items-flex-start\" style=\"max-width:calc( 1400px + 0px );margin-left: calc(-0px \/ 2 );margin-right: calc(-0px \/ 2 );\"><div class=\"fusion-layout-column fusion_builder_column fusion-builder-column-2 fusion_builder_column_1_1 1_1 fusion-flex-column\"><div class=\"fusion-column-wrapper fusion-flex-justify-content-flex-start fusion-content-layout-column\" style=\"background-position:left top;background-repeat:no-repeat;-webkit-background-size:cover;-moz-background-size:cover;-o-background-size:cover;background-size:cover;padding: 0px 0px 0px 0px;\"><div class=\"fusion-text fusion-text-2\"><h2>\u00bfCu\u00e1les son los centros de ex\u00e1menes DELF en Cartagena?<\/h2>\n<p>La ciudad de Cartagena en Murcia cuenta con un centro de ex\u00e1menes oficial: la <strong>Alianza Francesa<\/strong>, una asociaci\u00f3n sin \u00e1nimo de lucro que forma parte de la red de <em>Alliance Fran\u00e7aise<\/em>, presente en 130 pa\u00edses. Su objetivo es promover la lengua y cultura francesas a trav\u00e9s de cursos y actividades culturales.<\/p>\n<p>Esta instituci\u00f3n es el centro oficial de ex\u00e1menes DELF-DALF y TCF (<em>Test de Connaissance du Fran\u00e7ais<\/em>) para la comunidad aut\u00f3noma de Murcia.<\/p>\n<p>Puedes ponerte en contacto con ellos de lunes a viernes de 9:00 a 13:30 o en horario de tarde de lunes a jueves (de 17:30 a 19:30) a trav\u00e9s de los siguientes medios:<\/p>\n<h2 id=\"tablepress-611-name\" class=\"tablepress-table-name tablepress-table-name-id-611\">Alianza Francesa de Cartagena<\/h2>\n\n<table id=\"tablepress-611\" class=\"tablepress tablepress-id-611\" aria-labelledby=\"tablepress-611-name\">\n<tbody class=\"row-hover\">\n<tr class=\"row-1 odd\">\n\t<td class=\"column-1\">Direcci\u00f3n<\/td><td class=\"column-2\">Paseo Alfonso XIII, 5, 1.\u00ba A<br \/>\n30203, Cartagena (Murcia)<\/td>\n<\/tr>\n<tr class=\"row-2 even\">\n\t<td class=\"column-1\">Tel\u00e9fono<\/td><td class=\"column-2\">(+34) 968 506 716<\/td>\n<\/tr>\n<tr class=\"row-3 odd\">\n\t<td class=\"column-1\">Correo electr\u00f3nico<\/td><td class=\"column-2\">secretaria@alianzafrancesacartagena.org<\/td>\n<\/tr>\n<\/tbody>\n<\/table>\n\n<p>En su web puedes encontrar informaci\u00f3n detallada sobre sus cursos, ex\u00e1menes y agenda cultural.<\/p>\n<p><img class=\"aligncenter wp-image-29986\" src=\"https:\/\/global-exam.com\/blog\/wp-content\/uploads\/2020\/08\/do\u0301nde-se-puede-tomar-el-delf-en-cartagena-e1598416258181-300x138.jpg\" alt=\"\u00bfCu\u00e1les son los centros de ex\u00e1menes DELF en Cartagena?\" width=\"443\" height=\"204\" srcset=\"https:\/\/global-exam.com\/blog\/wp-content\/uploads\/2020\/08\/do\u0301nde-se-puede-tomar-el-delf-en-cartagena-e1598416258181-200x92.jpg 200w, https:\/\/global-exam.com\/blog\/wp-content\/uploads\/2020\/08\/do\u0301nde-se-puede-tomar-el-delf-en-cartagena-e1598416258181-300x138.jpg 300w, https:\/\/global-exam.com\/blog\/wp-content\/uploads\/2020\/08\/do\u0301nde-se-puede-tomar-el-delf-en-cartagena-e1598416258181-400x184.jpg 400w, https:\/\/global-exam.com\/blog\/wp-content\/uploads\/2020\/08\/do\u0301nde-se-puede-tomar-el-delf-en-cartagena-e1598416258181-600x277.jpg 600w, https:\/\/global-exam.com\/blog\/wp-content\/uploads\/2020\/08\/do\u0301nde-se-puede-tomar-el-delf-en-cartagena-e1598416258181-768x354.jpg 768w, https:\/\/global-exam.com\/blog\/wp-content\/uploads\/2020\/08\/do\u0301nde-se-puede-tomar-el-delf-en-cartagena-e1598416258181-800x369.jpg 800w, https:\/\/global-exam.com\/blog\/wp-content\/uploads\/2020\/08\/do\u0301nde-se-puede-tomar-el-delf-en-cartagena-e1598416258181-1024x472.jpg 1024w, https:\/\/global-exam.com\/blog\/wp-content\/uploads\/2020\/08\/do\u0301nde-se-puede-tomar-el-delf-en-cartagena-e1598416258181.jpg 1171w\" sizes=\"(max-width: 443px) 100vw, 443px\" \/><\/p>\n<h2>\u00bfC\u00f3mo inscribirse para el examen?<\/h2>\n<p>Para poder <a href=\"https:\/\/global-exam.com\/es\/exam\/delf\">tomar el DELF<\/a>, accede a la web oficial de Alianza Francesa en Cartagena y completa los siguientes pasos:<\/p>\n<ul>\n<li>En el apartado \u00ab<strong>Ex\u00e1menes<\/strong>\u00bb, selecciona \u00ab<strong>DELF-DALF<\/strong>\u00bb.<\/li>\n<li>Podr\u00e1s consultar las fechas disponibles para el diploma que necesites en el apartado \u00ab<strong>Convocatorias<\/strong>\u00bb.<\/li>\n<li>Luego, haz clic en \u00ab<strong>Inscripci\u00f3n<\/strong>\u00bb y descarga la ficha que se indica.<\/li>\n<li>Rell\u00e9nala incluyendo: convocatoria, versi\u00f3n, nivel, nombre y apellidos, DNI, fecha y ciudad de nacimiento, nacionalidad, lengua materna, direcci\u00f3n, tel\u00e9fono y correo electr\u00f3nico. Quienes hayan obtenido alg\u00fan diploma DELF-DAF anteriormente, deber\u00e1n incluir tambi\u00e9n su n\u00famero de candidato.<\/li>\n<li>Para completar la inscripci\u00f3n habr\u00e1 que realizar el <strong>pago<\/strong> abonando el importe a la cuenta bancaria indicada en la ficha. Como concepto, a\u00f1ade tu nombre y apellidos.<\/li>\n<li>Por \u00faltimo, <strong>env\u00eda la ficha de inscripci\u00f3n, el resguardo del pago y una copia de tu DNI<\/strong> a la direcci\u00f3n: ex\u00e1menes@alianzafrancesacartagena.org.<br \/>\nA continuaci\u00f3n, te mostramos el listado de precios tal y como figuran en el a\u00f1o 2020:<\/li>\n<\/ul>\n\n<table id=\"tablepress-612\" class=\"tablepress tablepress-id-612\">\n<thead>\n<tr class=\"row-1 odd\">\n\t<th class=\"column-1\">NIVEL<\/th><th class=\"column-2\">PRECIO<\/th>\n<\/tr>\n<\/thead>\n<tbody class=\"row-hover\">\n<tr class=\"row-2 even\">\n\t<td class=\"column-1\">A1.1<\/td><td class=\"column-2\">62 \u20ac<\/td>\n<\/tr>\n<tr class=\"row-3 odd\">\n\t<td class=\"column-1\">A1<\/td><td class=\"column-2\">78 \u20ac<\/td>\n<\/tr>\n<tr class=\"row-4 even\">\n\t<td class=\"column-1\">A2<\/td><td class=\"column-2\">100 \u20ac<\/td>\n<\/tr>\n<tr class=\"row-5 odd\">\n\t<td class=\"column-1\">B1<\/td><td class=\"column-2\">131 \u20ac<\/td>\n<\/tr>\n<tr class=\"row-6 even\">\n\t<td class=\"column-1\">B2<\/td><td class=\"column-2\">154 \u20ac<\/td>\n<\/tr>\n<tr class=\"row-7 odd\">\n\t<td class=\"column-1\">C1<\/td><td class=\"column-2\">210 \u20ac<\/td>\n<\/tr>\n<tr class=\"row-8 even\">\n\t<td class=\"column-1\">C2<\/td><td class=\"column-2\">225 \u20ac<\/td>\n<\/tr>\n<\/tbody>\n<\/table>\n\n<p>Si tienes ocasi\u00f3n de presentarte, no lo dudes. Siempre ser\u00e1 una ventaja disponer de esta certificaci\u00f3n para mejorar tu curr\u00edculum y ampliar tus oportunidades laborales en el futuro. Adem\u00e1s, obtener el DELF B2 o el DALF te eximir\u00e1 de tener que realizar las pruebas ling\u00fc\u00edsticas para acceder a una universidad franc\u00f3fona, y ser titular de un nivel B1 o superiores te ayudar\u00e1 a agilizar los tr\u00e1mites para la nacionalizaci\u00f3n francesa.<\/p>\n<h2>Practicar en l\u00ednea con GlobalExam<\/h2>\n<p>Y ahora llega la gran pregunta: \u00bfC\u00f3mo me preparo para el examen DELF? Puesto que la fecha que se elija en la inscripci\u00f3n al DELF es inmodificable (salvo por cuestiones m\u00e9dicas o causas de fuerza mayor), resulta esencial prepararse con antelaci\u00f3n y organizarse bien para no perder la convocatoria o la tasa de matr\u00edcula. Sin embargo, muchas veces, por nuestro ritmo de vida y obligaciones, es muy complicado encontrar tiempo para asistir regularmente a clases, y otras, compramos un libro de preparaci\u00f3n, pero acabamos dej\u00e1ndolo a medias por falta de tiempo o motivaci\u00f3n.<\/p>\n<p>Por eso, te proponemos la plataforma de GlobalExam: una herramienta ideal para prepararte por tu cuenta desde la comodidad de tu casa, la biblioteca o \u00a1donde quieras! T\u00fa decides cu\u00e1ntas horas y d\u00edas quieres dedicar a tu estudio semanal o mensualmente a trav\u00e9s de uno de nuestros <strong>planes personalizados<\/strong>, que podr\u00e1s configurar al activar tu cuenta premium.<\/p>\n<p>Con tu suscripci\u00f3n a GlobalExam, tendr\u00e1s acceso a <strong>m\u00e1s de 2000 preguntas corregidas<\/strong> clasificadas en las cuatro destrezas del examen: <strong>comprensi\u00f3n escrita, comprensi\u00f3n oral, expresi\u00f3n escrita y expresi\u00f3n oral.<\/strong> Todas ellas contienen instrucciones y explicaciones para que no te quede ninguna duda, y un temporizador autom\u00e1tico para que te entrenes en condiciones reales.<\/p>\n<p>Adem\u00e1s de la parte pr\u00e1ctica, podr\u00e1s acceder a <strong>266 hojas de estudio<\/strong>, que incluyen explicaciones gramaticales, listas de vocabulario y consejos para el buen manejo del lenguaje. Podr\u00e1s consultar tanto las de tu nivel como las de niveles anteriores en caso de que necesites refrescar alg\u00fan contenido o concepto. De esta forma, no se te escapar\u00e1 ning\u00fan detalle.<\/p>\n<p>Todo tu progreso quedar\u00e1 registrado y podr\u00e1s consultar tus <strong>estad\u00edsticas<\/strong> siempre que quieras.<\/p>\n<p>GlobalExam ser\u00e1 tu aliado. No esperes m\u00e1s y comienza con tu preparaci\u00f3n en l\u00ednea para el DELF hoy mismo.<\/p>\n<\/div><\/div><style type=\"text\/css\">.fusion-body .fusion-builder-column-2{width:100% !important;margin-top : 0px;margin-bottom : 0px;}.fusion-builder-column-2 > .fusion-column-wrapper {padding-top : 0px !important;padding-right : 0px !important;margin-right : 0px;padding-bottom : 0px !important;padding-left : 0px !important;margin-left : 0px;}@media only screen and (max-width:1024px) {.fusion-body .fusion-builder-column-2{width:100% !important;}.fusion-builder-column-2 > .fusion-column-wrapper {margin-right : 0px;margin-left : 0px;}}@media only screen and (max-width:640px) {.fusion-body .fusion-builder-column-2{width:100% !important;}.fusion-builder-column-2 > .fusion-column-wrapper {margin-right : 0px;margin-left : 0px;}}<\/style><\/div><\/div><style type=\"text\/css\">.fusion-body .fusion-flex-container.fusion-builder-row-3{ padding-top : 0px;margin-top : 0px;padding-right : 0px;padding-bottom : 0px;margin-bottom : 0px;padding-left : 0px;}<\/style><\/div><\/p>\n","protected":false},"excerpt":{"rendered":"","protected":false},"author":1,"featured_media":29985,"comment_status":"open","ping_status":"open","sticky":false,"template":"","format":"standard","meta":[],"categories":[5130],"tags":[],"acf":[],"yoast_head":"<!-- This site is optimized with the Yoast SEO plugin v17.2.1 - https:\/\/yoast.com\/wordpress\/plugins\/seo\/ -->\n<title>\u00bfD\u00f3nde se puede tomar el DELF en Cartagena? - GlobalExam Blog<\/title>\n<meta name=\"description\" content=\"\u00bfPlaneas obtener el DELF? Te contamos todo lo que necesitas saber para registrarte al DELF en Cartagena y te aconsejamos sobre preparaci\u00f3n en l\u00ednea.\" \/>\n<meta name=\"robots\" content=\"index, follow, max-snippet:-1, max-image-preview:large, max-video-preview:-1\" \/>\n<link rel=\"canonical\" href=\"https:\/\/global-exam.com\/blog\/es\/donde-se-puede-tomar-el-delf-en-cartagena\/\" \/>\n<meta property=\"og:locale\" content=\"fr_FR\" \/>\n<meta property=\"og:type\" content=\"article\" \/>\n<meta property=\"og:title\" content=\"\u00bfD\u00f3nde se puede tomar el DELF en Cartagena? - GlobalExam Blog\" \/>\n<meta property=\"og:description\" content=\"\u00bfPlaneas obtener el DELF? Te contamos todo lo que necesitas saber para registrarte al DELF en Cartagena y te aconsejamos sobre preparaci\u00f3n en l\u00ednea.\" \/>\n<meta property=\"og:url\" content=\"https:\/\/global-exam.com\/blog\/es\/donde-se-puede-tomar-el-delf-en-cartagena\/\" \/>\n<meta property=\"og:site_name\" content=\"GlobalExam Blog\" \/>\n<meta property=\"article:publisher\" content=\"https:\/\/www.facebook.com\/Global.Exam\" \/>\n<meta property=\"article:published_time\" content=\"2020-09-14T15:17:49+00:00\" \/>\n<meta property=\"article:modified_time\" content=\"2021-03-17T10:24:35+00:00\" \/>\n<meta property=\"og:image\" content=\"https:\/\/global-exam.com\/blog\/wp-content\/uploads\/2020\/08\/Do\u0301nde-se-puede-tomar-el-DELF-en-Cartagena-e1598416120234.jpg\" \/>\n\t<meta property=\"og:image:width\" content=\"1171\" \/>\n\t<meta property=\"og:image:height\" content=\"540\" \/>\n<meta name=\"twitter:card\" content=\"summary_large_image\" \/>\n<meta name=\"twitter:creator\" content=\"@Global_Exam\" \/>\n<meta name=\"twitter:site\" content=\"@Global_Exam\" \/>\n<meta name=\"twitter:label1\" content=\"\u00c9crit par\" \/>\n\t<meta name=\"twitter:data1\" content=\"admin\" \/>\n\t<meta name=\"twitter:label2\" content=\"Dur\u00e9e de lecture estim\u00e9e\" \/>\n\t<meta name=\"twitter:data2\" content=\"7 minutes\" \/>\n<script type=\"application\/ld+json\" class=\"yoast-schema-graph\">{\"@context\":\"https:\/\/schema.org\",\"@graph\":[{\"@type\":\"WebSite\",\"@id\":\"https:\/\/global-exam.com\/blog\/#website\",\"url\":\"https:\/\/global-exam.com\/blog\/\",\"name\":\"GlobalExam Blog\",\"description\":\"Le blog du sp\\u00e9cialiste de la certification linguistique\",\"potentialAction\":[{\"@type\":\"SearchAction\",\"target\":{\"@type\":\"EntryPoint\",\"urlTemplate\":\"https:\/\/global-exam.com\/blog\/?s={search_term_string}\"},\"query-input\":\"required name=search_term_string\"}],\"inLanguage\":\"fr-FR\"},{\"@type\":\"ImageObject\",\"@id\":\"https:\/\/global-exam.com\/blog\/es\/donde-se-puede-tomar-el-delf-en-cartagena\/#primaryimage\",\"inLanguage\":\"fr-FR\",\"url\":\"https:\/\/global-exam.com\/blog\/wp-content\/uploads\/2020\/08\/Do\\u0301nde-se-puede-tomar-el-DELF-en-Cartagena-e1598416120234.jpg\",\"contentUrl\":\"https:\/\/global-exam.com\/blog\/wp-content\/uploads\/2020\/08\/Do\\u0301nde-se-puede-tomar-el-DELF-en-Cartagena-e1598416120234.jpg\",\"width\":1171,\"height\":540,\"caption\":\"D\\u00f3nde se puede tomar el DELF en Cartagena\"},{\"@type\":\"WebPage\",\"@id\":\"https:\/\/global-exam.com\/blog\/es\/donde-se-puede-tomar-el-delf-en-cartagena\/#webpage\",\"url\":\"https:\/\/global-exam.com\/blog\/es\/donde-se-puede-tomar-el-delf-en-cartagena\/\",\"name\":\"\\u00bfD\\u00f3nde se puede tomar el DELF en Cartagena? - GlobalExam Blog\",\"isPartOf\":{\"@id\":\"https:\/\/global-exam.com\/blog\/#website\"},\"primaryImageOfPage\":{\"@id\":\"https:\/\/global-exam.com\/blog\/es\/donde-se-puede-tomar-el-delf-en-cartagena\/#primaryimage\"},\"datePublished\":\"2020-09-14T15:17:49+00:00\",\"dateModified\":\"2021-03-17T10:24:35+00:00\",\"author\":{\"@id\":\"https:\/\/global-exam.com\/blog\/#\/schema\/person\/50fc6f506fe496587b7789d5c174e99d\"},\"description\":\"\\u00bfPlaneas obtener el DELF? Te contamos todo lo que necesitas saber para registrarte al DELF en Cartagena y te aconsejamos sobre preparaci\\u00f3n en l\\u00ednea.\",\"breadcrumb\":{\"@id\":\"https:\/\/global-exam.com\/blog\/es\/donde-se-puede-tomar-el-delf-en-cartagena\/#breadcrumb\"},\"inLanguage\":\"fr-FR\",\"potentialAction\":[{\"@type\":\"ReadAction\",\"target\":[\"https:\/\/global-exam.com\/blog\/es\/donde-se-puede-tomar-el-delf-en-cartagena\/\"]}]},{\"@type\":\"BreadcrumbList\",\"@id\":\"https:\/\/global-exam.com\/blog\/es\/donde-se-puede-tomar-el-delf-en-cartagena\/#breadcrumb\",\"itemListElement\":[{\"@type\":\"ListItem\",\"position\":1,\"name\":\"DELF\",\"item\":\"https:\/\/global-exam.com\/blog\/es\/examenes\/delf\/\"},{\"@type\":\"ListItem\",\"position\":2,\"name\":\"Centros de ex\\u00e1menes DELF\",\"item\":\"https:\/\/global-exam.com\/blog\/es\/examenes\/delf\/categoria-centros-de-examenes-delf\/\"},{\"@type\":\"ListItem\",\"position\":3,\"name\":\"\\u00bfD\\u00f3nde se puede tomar el DELF en Cartagena?\"}]},{\"@type\":\"Person\",\"@id\":\"https:\/\/global-exam.com\/blog\/#\/schema\/person\/50fc6f506fe496587b7789d5c174e99d\",\"name\":\"admin\",\"image\":{\"@type\":\"ImageObject\",\"@id\":\"https:\/\/global-exam.com\/blog\/#personlogo\",\"inLanguage\":\"fr-FR\",\"url\":\"https:\/\/secure.gravatar.com\/avatar\/e8e29f615098aa0e9a914985d7d7d546?s=96&d=mm&r=g\",\"contentUrl\":\"https:\/\/secure.gravatar.com\/avatar\/e8e29f615098aa0e9a914985d7d7d546?s=96&d=mm&r=g\",\"caption\":\"admin\"}}]}<\/script>\n<!-- \/ Yoast SEO plugin. -->","yoast_head_json":{"title":"\u00bfD\u00f3nde se puede tomar el DELF en Cartagena? - GlobalExam Blog","description":"\u00bfPlaneas obtener el DELF? Te contamos todo lo que necesitas saber para registrarte al DELF en Cartagena y te aconsejamos sobre preparaci\u00f3n en l\u00ednea.","robots":{"index":"index","follow":"follow","max-snippet":"max-snippet:-1","max-image-preview":"max-image-preview:large","max-video-preview":"max-video-preview:-1"},"canonical":"https:\/\/global-exam.com\/blog\/es\/donde-se-puede-tomar-el-delf-en-cartagena\/","og_locale":"fr_FR","og_type":"article","og_title":"\u00bfD\u00f3nde se puede tomar el DELF en Cartagena? - GlobalExam Blog","og_description":"\u00bfPlaneas obtener el DELF? Te contamos todo lo que necesitas saber para registrarte al DELF en Cartagena y te aconsejamos sobre preparaci\u00f3n en l\u00ednea.","og_url":"https:\/\/global-exam.com\/blog\/es\/donde-se-puede-tomar-el-delf-en-cartagena\/","og_site_name":"GlobalExam Blog","article_publisher":"https:\/\/www.facebook.com\/Global.Exam","article_published_time":"2020-09-14T15:17:49+00:00","article_modified_time":"2021-03-17T10:24:35+00:00","og_image":[{"width":1171,"height":540,"url":"https:\/\/global-exam.com\/blog\/wp-content\/uploads\/2020\/08\/Do\u0301nde-se-puede-tomar-el-DELF-en-Cartagena-e1598416120234.jpg","path":"\/home\/forge\/global-exam.com\/wp-content\/uploads\/2020\/08\/Do\u0301nde-se-puede-tomar-el-DELF-en-Cartagena-e1598416120234.jpg","size":"full","id":29985,"alt":"D\u00f3nde se puede tomar el DELF en Cartagena","pixels":632340,"type":"image\/jpeg"}],"twitter_card":"summary_large_image","twitter_creator":"@Global_Exam","twitter_site":"@Global_Exam","twitter_misc":{"\u00c9crit par":"admin","Dur\u00e9e de lecture estim\u00e9e":"7 minutes"},"schema":{"@context":"https:\/\/schema.org","@graph":[{"@type":"WebSite","@id":"https:\/\/global-exam.com\/blog\/#website","url":"https:\/\/global-exam.com\/blog\/","name":"GlobalExam Blog","description":"Le blog du sp\u00e9cialiste de la certification linguistique","potentialAction":[{"@type":"SearchAction","target":{"@type":"EntryPoint","urlTemplate":"https:\/\/global-exam.com\/blog\/?s={search_term_string}"},"query-input":"required name=search_term_string"}],"inLanguage":"fr-FR"},{"@type":"ImageObject","@id":"https:\/\/global-exam.com\/blog\/es\/donde-se-puede-tomar-el-delf-en-cartagena\/#primaryimage","inLanguage":"fr-FR","url":"https:\/\/global-exam.com\/blog\/wp-content\/uploads\/2020\/08\/Do\u0301nde-se-puede-tomar-el-DELF-en-Cartagena-e1598416120234.jpg","contentUrl":"https:\/\/global-exam.com\/blog\/wp-content\/uploads\/2020\/08\/Do\u0301nde-se-puede-tomar-el-DELF-en-Cartagena-e1598416120234.jpg","width":1171,"height":540,"caption":"D\u00f3nde se puede tomar el DELF en Cartagena"},{"@type":"WebPage","@id":"https:\/\/global-exam.com\/blog\/es\/donde-se-puede-tomar-el-delf-en-cartagena\/#webpage","url":"https:\/\/global-exam.com\/blog\/es\/donde-se-puede-tomar-el-delf-en-cartagena\/","name":"\u00bfD\u00f3nde se puede tomar el DELF en Cartagena? - GlobalExam Blog","isPartOf":{"@id":"https:\/\/global-exam.com\/blog\/#website"},"primaryImageOfPage":{"@id":"https:\/\/global-exam.com\/blog\/es\/donde-se-puede-tomar-el-delf-en-cartagena\/#primaryimage"},"datePublished":"2020-09-14T15:17:49+00:00","dateModified":"2021-03-17T10:24:35+00:00","author":{"@id":"https:\/\/global-exam.com\/blog\/#\/schema\/person\/50fc6f506fe496587b7789d5c174e99d"},"description":"\u00bfPlaneas obtener el DELF? Te contamos todo lo que necesitas saber para registrarte al DELF en Cartagena y te aconsejamos sobre preparaci\u00f3n en l\u00ednea.","breadcrumb":{"@id":"https:\/\/global-exam.com\/blog\/es\/donde-se-puede-tomar-el-delf-en-cartagena\/#breadcrumb"},"inLanguage":"fr-FR","potentialAction":[{"@type":"ReadAction","target":["https:\/\/global-exam.com\/blog\/es\/donde-se-puede-tomar-el-delf-en-cartagena\/"]}]},{"@type":"BreadcrumbList","@id":"https:\/\/global-exam.com\/blog\/es\/donde-se-puede-tomar-el-delf-en-cartagena\/#breadcrumb","itemListElement":[{"@type":"ListItem","position":1,"name":"DELF","item":"https:\/\/global-exam.com\/blog\/es\/examenes\/delf\/"},{"@type":"ListItem","position":2,"name":"Centros de ex\u00e1menes DELF","item":"https:\/\/global-exam.com\/blog\/es\/examenes\/delf\/categoria-centros-de-examenes-delf\/"},{"@type":"ListItem","position":3,"name":"\u00bfD\u00f3nde se puede tomar el DELF en Cartagena?"}]},{"@type":"Person","@id":"https:\/\/global-exam.com\/blog\/#\/schema\/person\/50fc6f506fe496587b7789d5c174e99d","name":"admin","image":{"@type":"ImageObject","@id":"https:\/\/global-exam.com\/blog\/#personlogo","inLanguage":"fr-FR","url":"https:\/\/secure.gravatar.com\/avatar\/e8e29f615098aa0e9a914985d7d7d546?s=96&d=mm&r=g","contentUrl":"https:\/\/secure.gravatar.com\/avatar\/e8e29f615098aa0e9a914985d7d7d546?s=96&d=mm&r=g","caption":"admin"}}]}},"lang":"es","translations":{"es":29962},"pll_sync_post":[],"_links":{"self":[{"href":"https:\/\/global-exam.com\/blog\/wp-json\/wp\/v2\/posts\/29962"}],"collection":[{"href":"https:\/\/global-exam.com\/blog\/wp-json\/wp\/v2\/posts"}],"about":[{"href":"https:\/\/global-exam.com\/blog\/wp-json\/wp\/v2\/types\/post"}],"author":[{"embeddable":true,"href":"https:\/\/global-exam.com\/blog\/wp-json\/wp\/v2\/users\/1"}],"replies":[{"embeddable":true,"href":"https:\/\/global-exam.com\/blog\/wp-json\/wp\/v2\/comments?post=29962"}],"version-history":[{"count":5,"href":"https:\/\/global-exam.com\/blog\/wp-json\/wp\/v2\/posts\/29962\/revisions"}],"predecessor-version":[{"id":41789,"href":"https:\/\/global-exam.com\/blog\/wp-json\/wp\/v2\/posts\/29962\/revisions\/41789"}],"wp:featuredmedia":[{"embeddable":true,"href":"https:\/\/global-exam.com\/blog\/wp-json\/wp\/v2\/media\/29985"}],"wp:attachment":[{"href":"https:\/\/global-exam.com\/blog\/wp-json\/wp\/v2\/media?parent=29962"}],"wp:term":[{"taxonomy":"category","embeddable":true,"href":"https:\/\/global-exam.com\/blog\/wp-json\/wp\/v2\/categories?post=29962"},{"taxonomy":"post_tag","embeddable":true,"href":"https:\/\/global-exam.com\/blog\/wp-json\/wp\/v2\/tags?post=29962"}],"curies":[{"name":"wp","href":"https:\/\/api.w.org\/{rel}","templated":true}]}}