{"id":33940,"date":"2020-10-21T14:56:23","date_gmt":"2020-10-21T12:56:23","guid":{"rendered":"https:\/\/global-exam.com\/blog\/?p=33940"},"modified":"2022-08-26T16:05:49","modified_gmt":"2022-08-26T14:05:49","slug":"ou-passer-le-delf-en-suisse","status":"publish","type":"post","link":"https:\/\/global-exam.com\/blog\/fr\/ou-passer-le-delf-en-suisse\/","title":{"rendered":"O\u00f9 passer le DELF en Suisse  ?"},"content":{"rendered":"<p><div class=\"fusion-fullwidth fullwidth-box fusion-builder-row-1 fusion-flex-container nonhundred-percent-fullwidth non-hundred-percent-height-scrolling\" style=\"background-color: rgba(255,255,255,0);background-position: center center;background-repeat: no-repeat;border-width: 0px 0px 0px 0px;border-color:#eae9e9;border-style:solid;\" ><div class=\"fusion-builder-row fusion-row fusion-flex-align-items-flex-start\" style=\"max-width:1456px;margin-left: calc(-4% \/ 2 );margin-right: calc(-4% \/ 2 );\"><div class=\"fusion-layout-column fusion_builder_column fusion-builder-column-0 fusion_builder_column_1_1 1_1 fusion-flex-column\"><div class=\"fusion-column-wrapper fusion-flex-justify-content-flex-start fusion-content-layout-column\" style=\"background-position:left top;background-repeat:no-repeat;-webkit-background-size:cover;-moz-background-size:cover;-o-background-size:cover;background-size:cover;padding: 0px 0px 0px 0px;\"><div class=\"fusion-text fusion-text-1\"><p>Vous avez appris le fran\u00e7ais en Suisse et voulez un certificat pour le prouver ? Bonne nouvelle : il existe plusieurs centres dans tout le pays pour <a href=\"https:\/\/global-exam.com\/fr\/exam\/delf\">passer le DELF<\/a>, dipl\u00f4me de langue reconnu par les entreprises, les administrations et les universit\u00e9s des pays francophones. Avant de vous lancer, nous vous expliquons ce que vous devez savoir sur cet examen :<\/p>\n<ul>\n<li>Sa <strong>structure<\/strong> et les <strong>comp\u00e9tences \u00e9valu\u00e9es<\/strong> ;<\/li>\n<li><strong>Quelques exemples de sujets<\/strong> ;<\/li>\n<li>Les<strong> centres agr\u00e9\u00e9s<\/strong> pour le passer en Suisse ;<\/li>\n<li>La <strong>pr\u00e9paration en ligne<\/strong> de GlobalExam.<\/li>\n<\/ul>\n<p>Alors, si vous \u00eates pr\u00eat, on vous dit tout d\u00e8s maintenant.<\/p>\n<\/div><\/div><style type=\"text\/css\">.fusion-body .fusion-builder-column-0{width:100% !important;margin-top : 0px;margin-bottom : 0px;}.fusion-builder-column-0 > .fusion-column-wrapper {padding-top : 0px !important;padding-right : 0px !important;margin-right : 1.92%;padding-bottom : 0px !important;padding-left : 0px !important;margin-left : 1.92%;}@media only screen and (max-width:1024px) {.fusion-body .fusion-builder-column-0{width:100% !important;}.fusion-builder-column-0 > .fusion-column-wrapper {margin-right : 1.92%;margin-left : 1.92%;}}@media only screen and (max-width:640px) {.fusion-body .fusion-builder-column-0{width:100% !important;}.fusion-builder-column-0 > .fusion-column-wrapper {margin-right : 1.92%;margin-left : 1.92%;}}<\/style><\/div><\/div><style type=\"text\/css\">.fusion-body .fusion-flex-container.fusion-builder-row-1{ padding-top : 0px;margin-top : 0px;padding-right : 0px;padding-bottom : 0px;margin-bottom : 0px;padding-left : 0px;}<\/style><\/div><div class=\"fusion-fullwidth fullwidth-box fusion-builder-row-2 fusion-flex-container nonhundred-percent-fullwidth non-hundred-percent-height-scrolling\" style=\"background-color: rgba(255,255,255,0);background-position: center center;background-repeat: no-repeat;border-width: 0px 0px 0px 0px;border-color:#eae9e9;border-style:solid;\" ><div class=\"fusion-builder-row fusion-row fusion-flex-align-items-flex-start\" style=\"max-width:1456px;margin-left: calc(-4% \/ 2 );margin-right: calc(-4% \/ 2 );\"><div class=\"fusion-layout-column fusion_builder_column fusion-builder-column-1 fusion_builder_column_1_1 1_1 fusion-flex-column\"><div class=\"fusion-column-wrapper fusion-flex-justify-content-flex-start fusion-content-layout-column\" style=\"background-position:left top;background-repeat:no-repeat;-webkit-background-size:cover;-moz-background-size:cover;-o-background-size:cover;background-size:cover;padding: 0px 0px 0px 0px;\"><div class=\"fusion-widget-area fusion-widget-area-1 fusion-content-widget-area\"><style type=\"text\/css\">.fusion-widget-area-1 {padding:0px 0px 0px 0px;}.fusion-widget-area-1 .widget h4 {color:#333333;}.fusion-widget-area-1 .widget .heading h4 {color:#333333;}.fusion-widget-area-1 .widget h4 {font-size:18px;}.fusion-widget-area-1 .widget .heading h4 {font-size:18px;}<\/style><div id=\"custom_html-449\" class=\"widget_text widget widget_custom_html\" style=\"border-style: solid;border-color:transparent;border-width:0px;\"><div class=\"textwidget custom-html-widget\"><div class=\"full-widget-flag\"><img class=\"widget-title-icon\" src=\"\/blog\/wp-content\/uploads\/2022\/06\/Trac-34.png\">OFFERT !<\/div>\r\n<div class=\"full-widget-content\">\r\n<h3 class=\"full-widget-title highlight\">\r\n<strong>T\u00e9l\u00e9charger votre guide gratuit<\/strong> de pr\u00e9paration au DELF\/DALF<\/h3>\r\n\t<div class=\"widget-cta\"><a href=\"\/blog\/fr\/ressources\/ebooks\/ebook-delf-dalf\/\" style=\"color: white !important; text-decoration: none !important;\">J'EN PROFITE !<\/a><\/div><\/div><\/div><\/div><div class=\"fusion-additional-widget-content\"><\/div><\/div><\/div><style type=\"text\/css\">.fusion-body .fusion-builder-column-1{width:100% !important;margin-top : 30px;margin-bottom : 60px;}.fusion-builder-column-1 > .fusion-column-wrapper {padding-top : 0px !important;padding-right : 0px !important;margin-right : 1.92%;padding-bottom : 0px !important;padding-left : 0px !important;margin-left : 1.92%;}@media only screen and (max-width:1024px) {.fusion-body .fusion-builder-column-1{width:100% !important;}.fusion-builder-column-1 > .fusion-column-wrapper {margin-right : 1.92%;margin-left : 1.92%;}}@media only screen and (max-width:640px) {.fusion-body .fusion-builder-column-1{width:100% !important;}.fusion-builder-column-1 > .fusion-column-wrapper {margin-right : 1.92%;margin-left : 1.92%;}}<\/style><\/div><\/div><style type=\"text\/css\">.fusion-body .fusion-flex-container.fusion-builder-row-2{ padding-top : 0px;margin-top : 0px;padding-right : 0px;padding-bottom : 0px;margin-bottom : 0px;padding-left : 0px;}<\/style><\/div><div class=\"fusion-fullwidth fullwidth-box fusion-builder-row-3 fusion-flex-container nonhundred-percent-fullwidth non-hundred-percent-height-scrolling\" style=\"background-color: rgba(255,255,255,0);background-position: center center;background-repeat: no-repeat;border-width: 0px 0px 0px 0px;border-color:#eae9e9;border-style:solid;\" ><div class=\"fusion-builder-row fusion-row fusion-flex-align-items-flex-start\" style=\"max-width:1456px;margin-left: calc(-4% \/ 2 );margin-right: calc(-4% \/ 2 );\"><div class=\"fusion-layout-column fusion_builder_column fusion-builder-column-2 fusion_builder_column_1_1 1_1 fusion-flex-column\"><div class=\"fusion-column-wrapper fusion-flex-justify-content-flex-start fusion-content-layout-column\" style=\"background-position:left top;background-repeat:no-repeat;-webkit-background-size:cover;-moz-background-size:cover;-o-background-size:cover;background-size:cover;padding: 0px 0px 0px 0px;\"><div class=\"fusion-text fusion-text-2\"><h2><a id=\"post-33940-_kjw5v9vt0q3o\"><\/a><strong>Le DELF, un dipl\u00f4me reconnu en Suisse<\/strong><\/h2>\n<p>Il s\u2019agit d\u2019un examen attestant le niveau des candidats en langue fran\u00e7aise. Cet examen, <strong>organis\u00e9 par le CIEP, un organisme du Minist\u00e8re fran\u00e7ais de l\u2019\u00c9ducation nationale<\/strong>, est tr\u00e8s reconnu car il est tr\u00e8s complet : il \u00e9value les quatre comp\u00e9tences essentielles du langage (<strong>compr\u00e9hension \u00e9crite et orale, production \u00e9crite et orale<\/strong>). \u00catre titulaire de ce dipl\u00f4me permet de demander certains visas ou encore de postuler pour entrer dans des Universit\u00e9s francophones, en Suisse \u00e0 <a href=\"https:\/\/global-exam.com\/blog\/fr\/ou-passer-le-delf-a-lausanne\/\">Lausanne<\/a> ou \u00e0 <a href=\"https:\/\/global-exam.com\/blog\/fr\/ou-passer-le-delf-a-geneve\/\">Gen\u00e8ve<\/a>, <a href=\"https:\/\/global-exam.com\/blog\/fr\/ou-passer-le-delf-en-france\/\">en France<\/a>, <a href=\"https:\/\/global-exam.com\/blog\/fr\/ou-passer-le-delf-au-maroc\/\">au Maroc<\/a> et <a href=\"https:\/\/global-exam.com\/blog\/fr\/ou-passer-le-delf-au-canada\/\">au Canada<\/a> par exemple.<\/p>\n<p>Avant de vous inscrire, il faudra d\u00e9terminer le niveau que vous souhaitez prouver -en prenant en compte vos capacit\u00e9s et vos objectifs- car il existe <a href=\"https:\/\/global-exam.com\/blog\/fr\/presentation-du-delf\/\">plusieurs versions du DELF<\/a>, par publics et par niveaux. Ainsi, <strong>vous devrez choisir entre passer un examen du <\/strong><a href=\"https:\/\/global-exam.com\/blog\/fr\/quel-niveau-obtenir-au-delf\/\"><strong>niveau A1, A2, B1 ou B2<\/strong><\/a> (pour prouver un niveau avanc\u00e9, il faudra opter pour le DALF, grand fr\u00e8re du DELF organis\u00e9 par le m\u00eame organisme). Quant au type de public, il existe le <strong>DELF Tout Public<\/strong>, le <strong>DELF Junior<\/strong> et le <strong>DELF Pro. <\/strong>Si vous avez besoin de ce dipl\u00f4me <strong>pour entrer \u00e0 l\u2019Universit\u00e9 en Suisse francophone, par exemple, vous feriez mieux de vous inscrire au DELF Tout Public B2<\/strong>.*<\/p>\n<p><img class=\"wp-image-46431 aligncenter\" src=\"https:\/\/global-exam.com\/blog\/wp-content\/uploads\/2020\/10\/ou-passer-le-delf-en-suisse-1.png\" alt=\"O\u00f9 passer le DELF en Suisse ?\" width=\"460\" height=\"276\" srcset=\"https:\/\/global-exam.com\/blog\/wp-content\/uploads\/2020\/10\/ou-passer-le-delf-en-suisse-1-200x120.png 200w, https:\/\/global-exam.com\/blog\/wp-content\/uploads\/2020\/10\/ou-passer-le-delf-en-suisse-1.png 300w\" sizes=\"(max-width: 460px) 100vw, 460px\" \/><\/p>\n<h2><a id=\"post-33940-_ozfayquvv02h\"><\/a><strong>Les adresses o\u00f9 passer le DELF en Suisse<\/strong><\/h2>\n<p>Une fois que vous avez d\u00e9termin\u00e9 quel est l\u2019examen qui correspond le plus \u00e0 vos besoins, vous devrez choisir o\u00f9 le passer. L\u2019inscription se fera directement aupr\u00e8s du centre agr\u00e9\u00e9 vers lequel se portera votre choix. Pour vous pr\u00e9senter \u00e0 votre dipl\u00f4me DELF ou DALF en Suisse, vous trouverez<strong> 11 centres d\u2019examens<\/strong> et <strong>14 endroits de passation<\/strong> r\u00e9partis du nord au sud et d\u2019est en ouest.<\/p>\n<p>En voici une liste :<\/p>\n\n<table id=\"tablepress-810\" class=\"tablepress tablepress-id-810\">\n<thead>\n<tr class=\"row-1 odd\">\n\t<th class=\"column-1\">Ville<\/th><th class=\"column-2\">Adresse<\/th><th class=\"column-3\">Num\u00e9ro de contact<\/th>\n<\/tr>\n<\/thead>\n<tbody class=\"row-hover\">\n<tr class=\"row-2 even\">\n\t<td class=\"column-1\">Aarau<\/td><td class=\"column-2\">Centre d'examens DELF DALF Argovie<br \/>\nc\/o KV Aarau-Mittelland<br \/>\nWeiterbildung AG<br \/>\nPostfach 2925<br \/>\nCH-5001 Aarau 1<\/td><td class=\"column-3\">Cheffe de centre : Sylvette Niquet<br \/>\nAdministration : Annett Sch\u00e4rer<br \/>\nT\u00e9l. +41 62 837 97 23<\/td>\n<\/tr>\n<tr class=\"row-3 odd\">\n\t<td class=\"column-1\">Bellinzone \/ Coire<\/td><td class=\"column-2\">Centre d'examens DELF DALF Grisons et Tessin<br \/>\nc\/o Istituto cantonale di economia e commercio<br \/>\nViale Stefano Franscini 32<br \/>\nCH-6501 Bellinzona<\/td><td class=\"column-3\">Chef de centre : Gilbert Dalmas<br \/>\nAdministration : Sabina Campi<br \/>\nT\u00e9l. +41 91 814 65 72<\/td>\n<\/tr>\n<tr class=\"row-4 even\">\n\t<td class=\"column-1\">Berne<\/td><td class=\"column-2\">Centre d'examens DELF DALF Espace Mittelland<br \/>\nc\/o WKS KV Bildung AG<br \/>\nPostfach 6936<br \/>\nCH-3001 Bern<\/td><td class=\"column-3\">Chef de centre : Alain Portmann<br \/>\nAdministration : Laura Widmer<br \/>\nT\u00e9l.  +41 31 380 39 57<\/td>\n<\/tr>\n<tr class=\"row-5 odd\">\n\t<td class=\"column-1\">Gen\u00e8ve<\/td><td class=\"column-2\">Centre d'examens Lac L\u00e9man<br \/>\nc\/o ifage - Fondation pour la formation des adultes<br \/>\n19, place des Augustins<br \/>\nCH-1205 Gen\u00e8ve<\/td><td class=\"column-3\">B\u00e9n\u00e9rice Bonnefoy<br \/>\nT\u00e9l. +41 22 807 30 09<\/td>\n<\/tr>\n<tr class=\"row-6 even\">\n\t<td class=\"column-1\">Lausanne<\/td><td class=\"column-2\">Centre d'examens Lac L\u00e9man<br \/>\nc\/o ifage - Fondation pour la formation des adultes<br \/>\n19, place des Augustins<br \/>\nCH-1205 Gen\u00e8ve<\/td><td class=\"column-3\">St\u00e9phanie Seidel<br \/>\nT\u00e9l. +41 22 807 30 07<\/td>\n<\/tr>\n<tr class=\"row-7 odd\">\n\t<td class=\"column-1\">Liestal BL<\/td><td class=\"column-2\">Centre d'examens DELF DALF R\u00e9gion B\u00e2loise<br \/>\nGestadeckplatz 8<br \/>\nCH-4410 Liestal<\/td><td class=\"column-3\">Cheffe de centre : Verena Tschumi<br \/>\nAdministration : Maya Finkbeiner<br \/>\nT\u00e9l. +41 61 921 37 07<\/td>\n<\/tr>\n<tr class=\"row-8 even\">\n\t<td class=\"column-1\">Lucerne<\/td><td class=\"column-2\">Centre d'examens DELF DALF Lucerne<br \/>\nKaufm\u00e4nnischer Verband Luzern<br \/>\nFrankenstrasse 4<br \/>\nCH-6003 Lucerne<\/td><td class=\"column-3\">Cheffe de centre : Jade Dell'Eva<br \/>\nAdministratice : Monika Reisinger<br \/>\nT\u00e9l. +41 41 226 11 77<\/td>\n<\/tr>\n<tr class=\"row-9 odd\">\n\t<td class=\"column-1\">Neufch\u00e2tel<\/td><td class=\"column-2\">Centre d'examens DELF DALF Trois-Lacs<br \/>\nBeaux-Arts 30<br \/>\nCase postale 1<br \/>\nCH-2002 Neuch\u00e2tel<\/td><td class=\"column-3\">Cheffe de centre : Nathalie Toedtli<br \/>\nAdministration : Mireille Rais<br \/>\nT\u00e9l. +41 32 717 88 00<\/td>\n<\/tr>\n<tr class=\"row-10 even\">\n\t<td class=\"column-1\">Saint-Gall \/ Altst\u00e4tten<\/td><td class=\"column-2\">Centre d'examens DELF DALF Saint-Gall \/ Vall\u00e9e du Rhin<br \/>\nc\/o WZR Rorschach-Rheintal<br \/>\nBildstrasse 8<br \/>\nCH-9450 Altst\u00e4tten<\/td><td class=\"column-3\">Cheffe de centre : Anabel Rivela<br \/>\nAdministration : Rahel Kressbach<br \/>\nT\u00e9l. +41 58 229 99 41<\/td>\n<\/tr>\n<tr class=\"row-11 odd\">\n\t<td class=\"column-1\">Weinfelden TG<\/td><td class=\"column-2\">Centre d'examens DELF DALF Thurgovie<br \/>\nc\/o Bildungszentrum Wirtschaft Weinfelden<br \/>\nWeiterbildung<br \/>\nSch\u00fctzenstrasse 11<br \/>\nPostfach 112<br \/>\nCH-8570 Weinfelden<\/td><td class=\"column-3\">Chef de centre : Michael R\u00f6sch<br \/>\nAdministration : Ingrid Tobler<br \/>\nT\u00e9l. +41 58 345 75 07<\/td>\n<\/tr>\n<tr class=\"row-12 even\">\n\t<td class=\"column-1\">Zurich Limmat<\/td><td class=\"column-2\">Centre d'examens DELF DALF Limmat<br \/>\nc\/o KV Z\u00fcrich<br \/>\nHardturmstrasse 11<br \/>\nCH-8005 Z\u00fcrich<\/td><td class=\"column-3\">Cheffe de centre : Val\u00e9rie Probst<br \/>\nAdministration : Micha\u00ebl Rosset, Isabelle K\u00f6chli<br \/>\nT\u00e9l. +41 44 444 66 32<\/td>\n<\/tr>\n<tr class=\"row-13 odd\">\n\t<td class=\"column-1\">Zurich Minerva<\/td><td class=\"column-2\">Centre d'examens DELF DALF Minerva<br \/>\nc\/o Minerva Schweiz AG<br \/>\nScheuchzerstrasse 2<br \/>\nCH-8006 Z\u00fcrich<\/td><td class=\"column-3\">Cheffe de centre : Rachelle Rivette Lecu\u00e9<br \/>\nAdministration : Ella Babuta<br \/>\nFinances : Doris Gehring<br \/>\nT\u00e9l. +41 44 368 40 12<\/td>\n<\/tr>\n<\/tbody>\n<\/table>\n\n<h2><a id=\"post-33940-_vu83gjs38twh\"><\/a><strong>Comment s\u2019inscrire au DELF en Suisse ? <\/strong><\/h2>\n<p>Pour vous inscrire \u00e0 une session de passage du DELF en Suisse, rien de plus simple ! Rendez-vous sur le site de la <strong>Fondation Esprit Francophonie DELF DALF Suisse<\/strong>, et cliquez sur l\u2019onglet <strong>Inscription<\/strong>.<\/p>\n<p><img class=\"wp-image-46433 aligncenter\" src=\"https:\/\/global-exam.com\/blog\/wp-content\/uploads\/2020\/10\/word-image.jpeg\" width=\"887\" height=\"462\" srcset=\"https:\/\/global-exam.com\/blog\/wp-content\/uploads\/2020\/10\/word-image-200x104.jpeg 200w, https:\/\/global-exam.com\/blog\/wp-content\/uploads\/2020\/10\/word-image-300x156.jpeg 300w, https:\/\/global-exam.com\/blog\/wp-content\/uploads\/2020\/10\/word-image-400x208.jpeg 400w, https:\/\/global-exam.com\/blog\/wp-content\/uploads\/2020\/10\/word-image-600x313.jpeg 600w, https:\/\/global-exam.com\/blog\/wp-content\/uploads\/2020\/10\/word-image-768x400.jpeg 768w, https:\/\/global-exam.com\/blog\/wp-content\/uploads\/2020\/10\/word-image-800x417.jpeg 800w, https:\/\/global-exam.com\/blog\/wp-content\/uploads\/2020\/10\/word-image-1024x534.jpeg 1024w, https:\/\/global-exam.com\/blog\/wp-content\/uploads\/2020\/10\/word-image-1200x625.jpeg 1200w, https:\/\/global-exam.com\/blog\/wp-content\/uploads\/2020\/10\/word-image-1536x800.jpeg 1536w, https:\/\/global-exam.com\/blog\/wp-content\/uploads\/2020\/10\/word-image.jpeg 1896w\" sizes=\"(max-width: 887px) 100vw, 887px\" \/><\/p>\n<p>Une fois arriv\u00e9 sur cette page, il vous suffira de choisir l\u2019examen que vous souhaitez passer selon <strong>votre niveau<\/strong> et <strong>votre \u00e2ge<\/strong>. Vous pourrez ensuite <strong>choisir votre session d\u2019examen<\/strong> selon le mois qui vous correspond le mieux (vous pourrez retrouver un calendrier des diff\u00e9rentes dates d\u2019examen disponibles selon les centres de passage sur le site) ainsi que <strong>le centre d\u2019examen<\/strong> qui vous int\u00e9resse parmi tous ceux cit\u00e9s plus haut.<\/p>\n<p>Finalement, vous devrez renseigner quelques <strong>informations personnelles<\/strong> et <strong>r\u00e9gler votre inscription<\/strong> au DELF afin de valider vos choix. Le co\u00fbt du DELF peut varier selon la <strong>version de l\u2019examen<\/strong> que vous choisissez de passer et la <strong>r\u00e9gion dans laquelle vous le passez<\/strong>. Son prix varie g\u00e9n\u00e9ralement entre <strong>200 CHF<\/strong> (DELF A1) et <strong>380 CHF<\/strong> (DELF B2).<\/p>\n<h2><a id=\"post-33940-_jw4mrna3ilsl\"><\/a><strong>La structure du DELF<\/strong><\/h2>\n<p>Peu importe le niveau et le type de DELF que vous d\u00e9cidez de passer, la <a href=\"https:\/\/global-exam.com\/blog\/fr\/toutes-les-consignes-du-delf\/\">structure se compose de quatre \u00e9preuves<\/a> correspondant aux <strong>quatre comp\u00e9tences langagi\u00e8res \u00e9valu\u00e9es.<\/strong><\/p>\n<h3><a id=\"post-33940-_9944tfinw5lz\"><\/a>La compr\u00e9hension orale<\/h3>\n<p>Le candidat devra \u00e9couter de brefs documents audio puis r\u00e9pondre \u00e0 des questions de compr\u00e9hension. Il s\u2019agit de documents tir\u00e9s de la vie quotidienne : des annonces courtes pour le niveau A1 au programme de radio pour le B2.<\/p>\n<p>Pour bien r\u00e9ussir cette \u00e9preuve, il est important <strong>d\u2019\u00e9couter attentivement les documents audio<\/strong> et de savoir reconna\u00eetre les mots cl\u00e9s \u00e0 l\u2019int\u00e9rieur de ceux-ci, qui vous permettront de r\u00e9pondre aux questions. Pensez aussi \u00e0 <strong>bien lire les questions<\/strong> avant que l\u2019\u00e9coute ne commence afin de vous familiariser avec les informations que vous aurez \u00e0 trouver. Cela vous aidera \u00e0 <strong>ne pas perdre de temps<\/strong>. De plus, la plupart des questions sont pos\u00e9es <strong>dans le m\u00eame ordre<\/strong> que vous les entendrez dans le document audio.<\/p>\n<p><em>Voici un exemple de sujet tir\u00e9 du DELF Tout Public A1 propos\u00e9 comme exemple sur le site officiel du CIEP :<\/em><\/p>\n<p><em><img width=\"668\" height=\"717\" class=\"wp-image-46434 aligncenter\" src=\"https:\/\/global-exam.com\/blog\/wp-content\/uploads\/2020\/10\/la-comprehension-orale.png\" alt=\"La compr\u00e9hension orale\" srcset=\"https:\/\/global-exam.com\/blog\/wp-content\/uploads\/2020\/10\/la-comprehension-orale-200x215.png 200w, https:\/\/global-exam.com\/blog\/wp-content\/uploads\/2020\/10\/la-comprehension-orale-279x300.png 279w, https:\/\/global-exam.com\/blog\/wp-content\/uploads\/2020\/10\/la-comprehension-orale-400x429.png 400w, https:\/\/global-exam.com\/blog\/wp-content\/uploads\/2020\/10\/la-comprehension-orale-600x644.png 600w, https:\/\/global-exam.com\/blog\/wp-content\/uploads\/2020\/10\/la-comprehension-orale.png 668w\" sizes=\"(max-width: 668px) 100vw, 668px\" \/><\/em><\/p>\n<h3><a id=\"post-33940-_twp56k94q80b\"><\/a>La compr\u00e9hension \u00e9crite<\/h3>\n<p>Il s\u2019agit de lire des textes et de r\u00e9pondre \u00e0 plusieurs questions sur le mode du <strong>choix multiple<\/strong>.<\/p>\n<p>Tout comme pour l\u2019\u00e9preuve de compr\u00e9hension orale, il est important de bien savoir <strong>reconna\u00eetre les mots cl\u00e9s \u00e0 l\u2019int\u00e9rieur des textes<\/strong> que vous aurez \u00e0 lire. Prenez le temps de bien comprendre les textes sans vous focaliser sur un seul mot que vous ne connaissez peut-\u00eatre pas : l\u2019important est de <strong>comprendre l\u2019ensemble du texte<\/strong>.<\/p>\n<p>De plus, m\u00eame si vous pensez \u00eatre s\u00fbr de la r\u00e9ponse, lisez bien <strong>chacune des propositions avant de choisir celle que vous pensez \u00eatre la bonne<\/strong> : des pi\u00e8ges se trouvent peut-\u00eatre \u00e0 l\u2019int\u00e9rieur des diff\u00e9rentes r\u00e9ponses propos\u00e9es !<\/p>\n<p><em>Exemple de sujet tir\u00e9 du DELF Tout Public A2 :<\/em><\/p>\n<p><em><img class=\"wp-image-46435 aligncenter\" src=\"https:\/\/global-exam.com\/blog\/wp-content\/uploads\/2020\/10\/la-comprehension-ecrite.png\" alt=\"La compr\u00e9hension \u00e9crite\" width=\"468\" height=\"653\" srcset=\"https:\/\/global-exam.com\/blog\/wp-content\/uploads\/2020\/10\/la-comprehension-ecrite-200x279.png 200w, https:\/\/global-exam.com\/blog\/wp-content\/uploads\/2020\/10\/la-comprehension-ecrite-215x300.png 215w, https:\/\/global-exam.com\/blog\/wp-content\/uploads\/2020\/10\/la-comprehension-ecrite-400x558.png 400w, https:\/\/global-exam.com\/blog\/wp-content\/uploads\/2020\/10\/la-comprehension-ecrite.png 500w\" sizes=\"(max-width: 468px) 100vw, 468px\" \/><\/em><\/p>\n<p>Source : Site officiel du CIEP<\/p>\n<h3><a id=\"post-33940-_6rng3c4vsrbb\"><\/a>La production \u00e9crite<\/h3>\n<p>C\u2019est l\u2019exercice de r\u00e9daction : deux mini-textes sur des th\u00e8mes basiques pour le premier niveau \u00e0 une<strong> unique production bien structur\u00e9e<\/strong> pour le niveau B2.<\/p>\n<p><em>Exemple de sujet tir\u00e9 du DELF Tout Public B1 :<\/em><\/p>\n<p><em>Aujourd\u2019hui, en France, une famille sur dix est une famille recompos\u00e9e. Cette situation n\u2019est pas toujours facile \u00e0 g\u00e9rer au quotidien, tant pour les parents que pour les enfants. Qu\u2019en pensez-vous ? Vous exposerez vos arguments de mani\u00e8re claire et coh\u00e9rente en donnant des exemples.<\/em><\/p>\n<h3><a id=\"post-33940-_o8bxmku7wm4p\"><\/a>La production orale<\/h3>\n<p>Pour cette \u00e9preuve, chaque candidat est convoqu\u00e9 individuellement. Il a <strong>plusieurs t\u00e2ches \u00e0 r\u00e9aliser face \u00e0 l\u2019examinateur<\/strong>, certaines consistant \u00e0 \u00eatre en interaction et d\u2019autres \u00e0 faire une pr\u00e9sentation sur le mode du monologue. Suivant le niveau, il y a un temps de pr\u00e9paration plus ou moins long.<\/p>\n<p><em>Exemple de sujet tir\u00e9 du DELF Tout Public B2 :<\/em><\/p>\n<p><em><img width=\"1024\" height=\"400\" class=\"wp-image-46436 aligncenter\" src=\"https:\/\/global-exam.com\/blog\/wp-content\/uploads\/2020\/10\/la-production-orale.png\" alt=\"La production orale\" srcset=\"https:\/\/global-exam.com\/blog\/wp-content\/uploads\/2020\/10\/la-production-orale-200x78.png 200w, https:\/\/global-exam.com\/blog\/wp-content\/uploads\/2020\/10\/la-production-orale-300x117.png 300w, https:\/\/global-exam.com\/blog\/wp-content\/uploads\/2020\/10\/la-production-orale-400x156.png 400w, https:\/\/global-exam.com\/blog\/wp-content\/uploads\/2020\/10\/la-production-orale-600x234.png 600w, https:\/\/global-exam.com\/blog\/wp-content\/uploads\/2020\/10\/la-production-orale-768x300.png 768w, https:\/\/global-exam.com\/blog\/wp-content\/uploads\/2020\/10\/la-production-orale-800x313.png 800w, https:\/\/global-exam.com\/blog\/wp-content\/uploads\/2020\/10\/la-production-orale.png 1024w\" sizes=\"(max-width: 1024px) 100vw, 1024px\" \/><\/em><\/p>\n<h2><a id=\"post-33940-_v4zp45wchu6v\"><\/a><strong>Se pr\u00e9parer au DELF en ligne avec GlobalExam<\/strong><\/h2>\n<p>\u00c0 pr\u00e9sent, vous savez tout sur le DELF, il ne manque plus qu\u2019\u00e0 passer \u00e0 la phase d\u2019entra\u00eenement. \u00c9tant donn\u00e9 que l\u2019examen est complet et comporte de nombreuses \u00e9preuves, il vous faudra en conna\u00eetre parfaitement les d\u00e9tails pour vous pr\u00e9parer au mieux. En effet, pour <a href=\"https:\/\/global-exam.com\/blog\/fr\/comment-reussir-son-delf\/\">r\u00e9ussir ce type de test<\/a>, il faut avoir une strat\u00e9gie pour savoir comment le mener le jour J et il faut \u00eatre capable de s\u2019appuyer sur ses points forts. Pour vous permettre de mettre en place cette strat\u00e9gie, <strong>GlobalExam vous accompagne \u00e0 travers sa plateforme de pr\u00e9paration<\/strong>. Nous vous offrons diff\u00e9rents outils comme :<\/p>\n<ul>\n<li style=\"list-style-type: none;\">\n<ul>\n<li>des<strong> fiches de r\u00e9vision<\/strong> avec leurs exercices pratiques<\/li>\n<li>un <strong>mode entra\u00eenement<\/strong> pour s\u2019entra\u00eener sans fin <strong>sur chacune des \u00e9preuves<\/strong><\/li>\n<li>un <strong>mode examen<\/strong> pour encha\u00eener toutes les \u00e9preuves, montre en main comme si c\u2019\u00e9tait le jour J<\/li>\n<li>des <strong>statistiques<\/strong> pour suivre votre progression<\/li>\n<li>des<strong> parcours personnalis\u00e9s<\/strong> pour vous entra\u00eener<strong> suivant vos besoins<\/strong><\/li>\n<\/ul>\n<\/li>\n<\/ul>\n<p>Alors, n\u2019h\u00e9sitez pas, inscrivez-vous tout de suite sur la plateforme GlobalExam et commencez par faire un <a href=\"https:\/\/global-exam.com\/blog\/fr\/le-test-delf-gratuit-pour-evaluer-son-niveau\/\"><strong>test de niveau.<\/strong><\/a><\/p>\n<p>Il y a 4 niveaux que vous pouvez passer :<\/p>\n<ul>\n<li style=\"font-weight: 400;\" aria-level=\"1\"><span style=\"font-weight: 400;\">Le<\/span><a href=\"https:\/\/global-exam.com\/blog\/fr\/delf-a1-introduction\/\"> <span style=\"font-weight: 400;\">test DELF A1<\/span><\/a><\/li>\n<li style=\"font-weight: 400;\" aria-level=\"1\"><span style=\"font-weight: 400;\">Le<\/span><a href=\"https:\/\/global-exam.com\/blog\/fr\/delf-a2-introduction\/\"> <span style=\"font-weight: 400;\">test DELF A2<\/span><\/a><\/li>\n<li style=\"font-weight: 400;\" aria-level=\"1\"><span style=\"font-weight: 400;\">Le<\/span><a href=\"https:\/\/global-exam.com\/blog\/fr\/delf-b1-introduction\/\"> <span style=\"font-weight: 400;\">test DELF B1<\/span><\/a><\/li>\n<li style=\"font-weight: 400;\" aria-level=\"1\">Le<a href=\"https:\/\/global-exam.com\/blog\/fr\/delf-b2-introduction\/\"> test DELF B2<\/a><\/li>\n<\/ul>\n<\/div><\/div><style type=\"text\/css\">.fusion-body .fusion-builder-column-2{width:100% !important;margin-top : 0px;margin-bottom : 0px;}.fusion-builder-column-2 > .fusion-column-wrapper {padding-top : 0px !important;padding-right : 0px !important;margin-right : 1.92%;padding-bottom : 0px !important;padding-left : 0px !important;margin-left : 1.92%;}@media only screen and (max-width:1024px) {.fusion-body .fusion-builder-column-2{width:100% !important;}.fusion-builder-column-2 > .fusion-column-wrapper {margin-right : 1.92%;margin-left : 1.92%;}}@media only screen and (max-width:640px) {.fusion-body .fusion-builder-column-2{width:100% !important;}.fusion-builder-column-2 > .fusion-column-wrapper {margin-right : 1.92%;margin-left : 1.92%;}}<\/style><\/div><\/div><style type=\"text\/css\">.fusion-body .fusion-flex-container.fusion-builder-row-3{ padding-top : 0px;margin-top : 0px;padding-right : 0px;padding-bottom : 0px;margin-bottom : 0px;padding-left : 0px;}<\/style><\/div><\/p>\n","protected":false},"excerpt":{"rendered":"","protected":false},"author":1,"featured_media":34037,"comment_status":"closed","ping_status":"open","sticky":false,"template":"","format":"standard","meta":[],"categories":[1827],"tags":[],"acf":[],"yoast_head":"<!-- This site is optimized with the Yoast SEO plugin v17.2.1 - https:\/\/yoast.com\/wordpress\/plugins\/seo\/ -->\n<title>O\u00f9 passer le DELF en Suisse ? - GlobalExam Blog<\/title>\n<meta name=\"description\" content=\"Le DELF est un examen qu&#039;il est possible de passer dans le monde entier. En Suisse, il y a 11 centres agr\u00e9\u00e9s et 14 lieux d&#039;examen. D\u00e9couvrez-les avec nous.\" \/>\n<meta name=\"robots\" content=\"index, follow, max-snippet:-1, max-image-preview:large, max-video-preview:-1\" \/>\n<link rel=\"canonical\" href=\"https:\/\/global-exam.com\/blog\/fr\/ou-passer-le-delf-en-suisse\/\" \/>\n<meta property=\"og:locale\" content=\"fr_FR\" \/>\n<meta property=\"og:type\" content=\"article\" \/>\n<meta property=\"og:title\" content=\"O\u00f9 passer le DELF en Suisse ? - GlobalExam Blog\" \/>\n<meta property=\"og:description\" content=\"Le DELF est un examen qu&#039;il est possible de passer dans le monde entier. En Suisse, il y a 11 centres agr\u00e9\u00e9s et 14 lieux d&#039;examen. D\u00e9couvrez-les avec nous.\" \/>\n<meta property=\"og:url\" content=\"https:\/\/global-exam.com\/blog\/fr\/ou-passer-le-delf-en-suisse\/\" \/>\n<meta property=\"og:site_name\" content=\"GlobalExam Blog\" \/>\n<meta property=\"article:publisher\" content=\"https:\/\/www.facebook.com\/Global.Exam\" \/>\n<meta property=\"article:published_time\" content=\"2020-10-21T12:56:23+00:00\" \/>\n<meta property=\"article:modified_time\" content=\"2022-08-26T14:05:49+00:00\" \/>\n<meta property=\"og:image\" content=\"https:\/\/global-exam.com\/blog\/wp-content\/uploads\/2020\/10\/ou-passer-le-delf-en-suisse-e1602682981585.jpg\" \/>\n\t<meta property=\"og:image:width\" content=\"1068\" \/>\n\t<meta property=\"og:image:height\" content=\"491\" \/>\n<meta name=\"twitter:card\" content=\"summary_large_image\" \/>\n<meta name=\"twitter:creator\" content=\"@Global_Exam\" \/>\n<meta name=\"twitter:site\" content=\"@Global_Exam\" \/>\n<meta name=\"twitter:label1\" content=\"\u00c9crit par\" \/>\n\t<meta name=\"twitter:data1\" content=\"admin\" \/>\n\t<meta name=\"twitter:label2\" content=\"Dur\u00e9e de lecture estim\u00e9e\" \/>\n\t<meta name=\"twitter:data2\" content=\"8 minutes\" \/>\n<script type=\"application\/ld+json\" class=\"yoast-schema-graph\">{\"@context\":\"https:\/\/schema.org\",\"@graph\":[{\"@type\":\"WebSite\",\"@id\":\"https:\/\/global-exam.com\/blog\/#website\",\"url\":\"https:\/\/global-exam.com\/blog\/\",\"name\":\"GlobalExam Blog\",\"description\":\"Le blog du sp\\u00e9cialiste de la certification linguistique\",\"potentialAction\":[{\"@type\":\"SearchAction\",\"target\":{\"@type\":\"EntryPoint\",\"urlTemplate\":\"https:\/\/global-exam.com\/blog\/?s={search_term_string}\"},\"query-input\":\"required name=search_term_string\"}],\"inLanguage\":\"fr-FR\"},{\"@type\":\"ImageObject\",\"@id\":\"https:\/\/global-exam.com\/blog\/fr\/ou-passer-le-delf-en-suisse\/#primaryimage\",\"inLanguage\":\"fr-FR\",\"url\":\"https:\/\/global-exam.com\/blog\/wp-content\/uploads\/2020\/10\/ou-passer-le-delf-en-suisse-e1602682981585.jpg\",\"contentUrl\":\"https:\/\/global-exam.com\/blog\/wp-content\/uploads\/2020\/10\/ou-passer-le-delf-en-suisse-e1602682981585.jpg\",\"width\":1068,\"height\":491,\"caption\":\"O\\u00f9 passer le DELF en Suisse ?\"},{\"@type\":\"WebPage\",\"@id\":\"https:\/\/global-exam.com\/blog\/fr\/ou-passer-le-delf-en-suisse\/#webpage\",\"url\":\"https:\/\/global-exam.com\/blog\/fr\/ou-passer-le-delf-en-suisse\/\",\"name\":\"O\\u00f9 passer le DELF en Suisse ? - GlobalExam Blog\",\"isPartOf\":{\"@id\":\"https:\/\/global-exam.com\/blog\/#website\"},\"primaryImageOfPage\":{\"@id\":\"https:\/\/global-exam.com\/blog\/fr\/ou-passer-le-delf-en-suisse\/#primaryimage\"},\"datePublished\":\"2020-10-21T12:56:23+00:00\",\"dateModified\":\"2022-08-26T14:05:49+00:00\",\"author\":{\"@id\":\"https:\/\/global-exam.com\/blog\/#\/schema\/person\/50fc6f506fe496587b7789d5c174e99d\"},\"description\":\"Le DELF est un examen qu'il est possible de passer dans le monde entier. En Suisse, il y a 11 centres agr\\u00e9\\u00e9s et 14 lieux d'examen. D\\u00e9couvrez-les avec nous.\",\"breadcrumb\":{\"@id\":\"https:\/\/global-exam.com\/blog\/fr\/ou-passer-le-delf-en-suisse\/#breadcrumb\"},\"inLanguage\":\"fr-FR\",\"potentialAction\":[{\"@type\":\"ReadAction\",\"target\":[\"https:\/\/global-exam.com\/blog\/fr\/ou-passer-le-delf-en-suisse\/\"]}]},{\"@type\":\"BreadcrumbList\",\"@id\":\"https:\/\/global-exam.com\/blog\/fr\/ou-passer-le-delf-en-suisse\/#breadcrumb\",\"itemListElement\":[{\"@type\":\"ListItem\",\"position\":1,\"name\":\"DELF\",\"item\":\"https:\/\/global-exam.com\/blog\/fr\/examens\/delf\/\"},{\"@type\":\"ListItem\",\"position\":2,\"name\":\"Centres d'examens DELF\",\"item\":\"https:\/\/global-exam.com\/blog\/fr\/examens\/delf\/categorie-centre-dexamens-delf\/\"},{\"@type\":\"ListItem\",\"position\":3,\"name\":\"O\\u00f9 passer le DELF en Suisse ?\"}]},{\"@type\":\"Person\",\"@id\":\"https:\/\/global-exam.com\/blog\/#\/schema\/person\/50fc6f506fe496587b7789d5c174e99d\",\"name\":\"admin\",\"image\":{\"@type\":\"ImageObject\",\"@id\":\"https:\/\/global-exam.com\/blog\/#personlogo\",\"inLanguage\":\"fr-FR\",\"url\":\"https:\/\/secure.gravatar.com\/avatar\/e8e29f615098aa0e9a914985d7d7d546?s=96&d=mm&r=g\",\"contentUrl\":\"https:\/\/secure.gravatar.com\/avatar\/e8e29f615098aa0e9a914985d7d7d546?s=96&d=mm&r=g\",\"caption\":\"admin\"}}]}<\/script>\n<!-- \/ Yoast SEO plugin. -->","yoast_head_json":{"title":"O\u00f9 passer le DELF en Suisse ? - GlobalExam Blog","description":"Le DELF est un examen qu'il est possible de passer dans le monde entier. En Suisse, il y a 11 centres agr\u00e9\u00e9s et 14 lieux d'examen. D\u00e9couvrez-les avec nous.","robots":{"index":"index","follow":"follow","max-snippet":"max-snippet:-1","max-image-preview":"max-image-preview:large","max-video-preview":"max-video-preview:-1"},"canonical":"https:\/\/global-exam.com\/blog\/fr\/ou-passer-le-delf-en-suisse\/","og_locale":"fr_FR","og_type":"article","og_title":"O\u00f9 passer le DELF en Suisse ? - GlobalExam Blog","og_description":"Le DELF est un examen qu'il est possible de passer dans le monde entier. En Suisse, il y a 11 centres agr\u00e9\u00e9s et 14 lieux d'examen. D\u00e9couvrez-les avec nous.","og_url":"https:\/\/global-exam.com\/blog\/fr\/ou-passer-le-delf-en-suisse\/","og_site_name":"GlobalExam Blog","article_publisher":"https:\/\/www.facebook.com\/Global.Exam","article_published_time":"2020-10-21T12:56:23+00:00","article_modified_time":"2022-08-26T14:05:49+00:00","og_image":[{"width":1068,"height":491,"url":"https:\/\/global-exam.com\/blog\/wp-content\/uploads\/2020\/10\/ou-passer-le-delf-en-suisse-e1602682981585.jpg","path":"\/home\/forge\/prod-20220704.global-exam.com\/wp-content\/uploads\/2020\/10\/ou-passer-le-delf-en-suisse-e1602682981585.jpg","size":"full","id":34037,"alt":"O\u00f9 passer le DELF en Suisse ?","pixels":524388,"type":"image\/jpeg"}],"twitter_card":"summary_large_image","twitter_creator":"@Global_Exam","twitter_site":"@Global_Exam","twitter_misc":{"\u00c9crit par":"admin","Dur\u00e9e de lecture estim\u00e9e":"8 minutes"},"schema":{"@context":"https:\/\/schema.org","@graph":[{"@type":"WebSite","@id":"https:\/\/global-exam.com\/blog\/#website","url":"https:\/\/global-exam.com\/blog\/","name":"GlobalExam Blog","description":"Le blog du sp\u00e9cialiste de la certification linguistique","potentialAction":[{"@type":"SearchAction","target":{"@type":"EntryPoint","urlTemplate":"https:\/\/global-exam.com\/blog\/?s={search_term_string}"},"query-input":"required name=search_term_string"}],"inLanguage":"fr-FR"},{"@type":"ImageObject","@id":"https:\/\/global-exam.com\/blog\/fr\/ou-passer-le-delf-en-suisse\/#primaryimage","inLanguage":"fr-FR","url":"https:\/\/global-exam.com\/blog\/wp-content\/uploads\/2020\/10\/ou-passer-le-delf-en-suisse-e1602682981585.jpg","contentUrl":"https:\/\/global-exam.com\/blog\/wp-content\/uploads\/2020\/10\/ou-passer-le-delf-en-suisse-e1602682981585.jpg","width":1068,"height":491,"caption":"O\u00f9 passer le DELF en Suisse ?"},{"@type":"WebPage","@id":"https:\/\/global-exam.com\/blog\/fr\/ou-passer-le-delf-en-suisse\/#webpage","url":"https:\/\/global-exam.com\/blog\/fr\/ou-passer-le-delf-en-suisse\/","name":"O\u00f9 passer le DELF en Suisse ? - GlobalExam Blog","isPartOf":{"@id":"https:\/\/global-exam.com\/blog\/#website"},"primaryImageOfPage":{"@id":"https:\/\/global-exam.com\/blog\/fr\/ou-passer-le-delf-en-suisse\/#primaryimage"},"datePublished":"2020-10-21T12:56:23+00:00","dateModified":"2022-08-26T14:05:49+00:00","author":{"@id":"https:\/\/global-exam.com\/blog\/#\/schema\/person\/50fc6f506fe496587b7789d5c174e99d"},"description":"Le DELF est un examen qu'il est possible de passer dans le monde entier. En Suisse, il y a 11 centres agr\u00e9\u00e9s et 14 lieux d'examen. D\u00e9couvrez-les avec nous.","breadcrumb":{"@id":"https:\/\/global-exam.com\/blog\/fr\/ou-passer-le-delf-en-suisse\/#breadcrumb"},"inLanguage":"fr-FR","potentialAction":[{"@type":"ReadAction","target":["https:\/\/global-exam.com\/blog\/fr\/ou-passer-le-delf-en-suisse\/"]}]},{"@type":"BreadcrumbList","@id":"https:\/\/global-exam.com\/blog\/fr\/ou-passer-le-delf-en-suisse\/#breadcrumb","itemListElement":[{"@type":"ListItem","position":1,"name":"DELF","item":"https:\/\/global-exam.com\/blog\/fr\/examens\/delf\/"},{"@type":"ListItem","position":2,"name":"Centres d'examens DELF","item":"https:\/\/global-exam.com\/blog\/fr\/examens\/delf\/categorie-centre-dexamens-delf\/"},{"@type":"ListItem","position":3,"name":"O\u00f9 passer le DELF en Suisse ?"}]},{"@type":"Person","@id":"https:\/\/global-exam.com\/blog\/#\/schema\/person\/50fc6f506fe496587b7789d5c174e99d","name":"admin","image":{"@type":"ImageObject","@id":"https:\/\/global-exam.com\/blog\/#personlogo","inLanguage":"fr-FR","url":"https:\/\/secure.gravatar.com\/avatar\/e8e29f615098aa0e9a914985d7d7d546?s=96&d=mm&r=g","contentUrl":"https:\/\/secure.gravatar.com\/avatar\/e8e29f615098aa0e9a914985d7d7d546?s=96&d=mm&r=g","caption":"admin"}}]}},"lang":"fr","translations":{"fr":33940},"pll_sync_post":[],"_links":{"self":[{"href":"https:\/\/global-exam.com\/blog\/wp-json\/wp\/v2\/posts\/33940"}],"collection":[{"href":"https:\/\/global-exam.com\/blog\/wp-json\/wp\/v2\/posts"}],"about":[{"href":"https:\/\/global-exam.com\/blog\/wp-json\/wp\/v2\/types\/post"}],"author":[{"embeddable":true,"href":"https:\/\/global-exam.com\/blog\/wp-json\/wp\/v2\/users\/1"}],"replies":[{"embeddable":true,"href":"https:\/\/global-exam.com\/blog\/wp-json\/wp\/v2\/comments?post=33940"}],"version-history":[{"count":23,"href":"https:\/\/global-exam.com\/blog\/wp-json\/wp\/v2\/posts\/33940\/revisions"}],"predecessor-version":[{"id":78914,"href":"https:\/\/global-exam.com\/blog\/wp-json\/wp\/v2\/posts\/33940\/revisions\/78914"}],"wp:featuredmedia":[{"embeddable":true,"href":"https:\/\/global-exam.com\/blog\/wp-json\/wp\/v2\/media\/34037"}],"wp:attachment":[{"href":"https:\/\/global-exam.com\/blog\/wp-json\/wp\/v2\/media?parent=33940"}],"wp:term":[{"taxonomy":"category","embeddable":true,"href":"https:\/\/global-exam.com\/blog\/wp-json\/wp\/v2\/categories?post=33940"},{"taxonomy":"post_tag","embeddable":true,"href":"https:\/\/global-exam.com\/blog\/wp-json\/wp\/v2\/tags?post=33940"}],"curies":[{"name":"wp","href":"https:\/\/api.w.org\/{rel}","templated":true}]}}