{"id":47475,"date":"2021-05-19T14:29:20","date_gmt":"2021-05-19T12:29:20","guid":{"rendered":"https:\/\/global-exam.com\/blog\/?p=47475"},"modified":"2021-10-28T17:32:36","modified_gmt":"2021-10-28T15:32:36","slug":"el-imperativo-en-frances-reglas-ejemplos-y-ejercicios","status":"publish","type":"post","link":"https:\/\/global-exam.com\/blog\/es\/gramatica-francesa-el-imperativo-en-frances-reglas-ejemplos-y-ejercicios\/","title":{"rendered":"El imperativo en franc\u00e9s: reglas, ejemplos y ejercicios"},"content":{"rendered":"<p><div class=\"fusion-fullwidth fullwidth-box fusion-builder-row-1 fusion-flex-container nonhundred-percent-fullwidth non-hundred-percent-height-scrolling\" style=\"background-color: rgba(255,255,255,0);background-position: center center;background-repeat: no-repeat;border-width: 0px 0px 0px 0px;border-color:#eae9e9;border-style:solid;\" ><div class=\"fusion-builder-row fusion-row fusion-flex-align-items-flex-start\" style=\"max-width:1456px;margin-left: calc(-4% \/ 2 );margin-right: calc(-4% \/ 2 );\"><div class=\"fusion-layout-column fusion_builder_column fusion-builder-column-0 fusion_builder_column_1_1 1_1 fusion-flex-column\"><div class=\"fusion-column-wrapper fusion-flex-justify-content-flex-start fusion-content-layout-column\" style=\"background-position:left top;background-repeat:no-repeat;-webkit-background-size:cover;-moz-background-size:cover;-o-background-size:cover;background-size:cover;padding: 0px 0px 0px 0px;\"><div class=\"fusion-text fusion-text-1\"><p>\u00bfAlguna vez te han dicho que eres muy mand\u00f3n o mandona? Quiz\u00e1 eres m\u00e1s del estilo management, o <strong>quiz\u00e1 eres un\/a l\u00edder natural<\/strong>. Sea como sea, dar instrucciones no es la \u00fanica ocasi\u00f3n en que necesitar\u00e1s usar el <strong>modo imperativo en franc\u00e9s.<\/strong> En este art\u00edculo te explicaremos mucho m\u00e1s sobre ciertos aspectos de este modo:<\/p>\n<ul>\n<li aria-level=\"1\"><strong>Qu\u00e9 es<\/strong> y <strong>cu\u00e1ndo<\/strong> se debe usar<\/li>\n<li aria-level=\"1\">La <strong>f\u00f3rmula<\/strong> para escribirlo en <strong>positivo<\/strong> y <strong>negativo<\/strong><\/li>\n<li aria-level=\"1\">C\u00f3mo <strong>usarlo<\/strong> para <strong>hablar<\/strong> del <strong>pasado<\/strong><\/li>\n<li aria-level=\"1\">Ent\u00e9rate de nuestro nuevo programa: <strong>Global General<\/strong><\/li>\n<\/ul>\n<p>Adem\u00e1s, hacia el final te proponemos algunos ejercicios para que repases lo que has aprendido en este art\u00edculo sobre el uso del modo imperativo en franc\u00e9s.<\/p>\n<\/div><\/div><style type=\"text\/css\">.fusion-body .fusion-builder-column-0{width:100% !important;margin-top : 0px;margin-bottom : 0px;}.fusion-builder-column-0 > .fusion-column-wrapper {padding-top : 0px !important;padding-right : 0px !important;margin-right : 1.92%;padding-bottom : 0px !important;padding-left : 0px !important;margin-left : 1.92%;}@media only screen and (max-width:1024px) {.fusion-body .fusion-builder-column-0{width:100% !important;}.fusion-builder-column-0 > .fusion-column-wrapper {margin-right : 1.92%;margin-left : 1.92%;}}@media only screen and (max-width:640px) {.fusion-body .fusion-builder-column-0{width:100% !important;}.fusion-builder-column-0 > .fusion-column-wrapper {margin-right : 1.92%;margin-left : 1.92%;}}<\/style><\/div><\/div><style type=\"text\/css\">.fusion-body .fusion-flex-container.fusion-builder-row-1{ padding-top : 0px;margin-top : 0px;padding-right : 0px;padding-bottom : 0px;margin-bottom : 0px;padding-left : 0px;}<\/style><\/div><div class=\"fusion-fullwidth fullwidth-box fusion-builder-row-2 fusion-flex-container nonhundred-percent-fullwidth non-hundred-percent-height-scrolling\" style=\"background-color: rgba(255,255,255,0);background-position: center center;background-repeat: no-repeat;border-width: 0px 0px 0px 0px;border-color:#eae9e9;border-style:solid;\" ><div class=\"fusion-builder-row fusion-row fusion-flex-align-items-stretch fusion-flex-justify-content-center\" style=\"max-width:1456px;margin-left: calc(-4% \/ 2 );margin-right: calc(-4% \/ 2 );\"><div class=\"fusion-layout-column fusion_builder_column fusion-builder-column-1 fusion_builder_column_1_1 1_1 fusion-flex-column\"><div class=\"fusion-column-wrapper fusion-flex-justify-content-flex-start fusion-content-layout-column\" style=\"background-position:left top;background-repeat:no-repeat;-webkit-background-size:cover;-moz-background-size:cover;-o-background-size:cover;background-size:cover;padding: 0px 0px 0px 0px;\"><div style=\"text-align:center;\"><style type=\"text\/css\">.fusion-button.button-1 {border-radius:25px;}<\/style><a class=\"fusion-button button-flat button-medium button-default button-1 fusion-button-span-no fusion-button-default-type\" target=\"_self\" href=\"https:\/\/auth.global-exam.com\/register\" style=\"margin-top:20px;margin-bottom:20px;\"><span class=\"fusion-button-text\">Eval\u00faate gratuitamente<\/span><\/a><\/div><\/div><style type=\"text\/css\">.fusion-body .fusion-builder-column-1{width:100% !important;margin-top : 0px;margin-bottom : 20px;}.fusion-builder-column-1 > .fusion-column-wrapper {padding-top : 0px !important;padding-right : 0px !important;margin-right : 1.92%;padding-bottom : 0px !important;padding-left : 0px !important;margin-left : 1.92%;}@media only screen and (max-width:1024px) {.fusion-body .fusion-builder-column-1{width:100% !important;order : 0;}.fusion-builder-column-1 > .fusion-column-wrapper {margin-right : 1.92%;margin-left : 1.92%;}}@media only screen and (max-width:640px) {.fusion-body .fusion-builder-column-1{width:100% !important;order : 0;}.fusion-builder-column-1 > .fusion-column-wrapper {margin-right : 1.92%;margin-left : 1.92%;}}<\/style><\/div><\/div><style type=\"text\/css\">.fusion-body .fusion-flex-container.fusion-builder-row-2{ padding-top : 0px;margin-top : 0px;padding-right : 0px;padding-bottom : 0px;margin-bottom : 20px;padding-left : 0px;}<\/style><\/div><div class=\"fusion-fullwidth fullwidth-box fusion-builder-row-3 fusion-flex-container nonhundred-percent-fullwidth non-hundred-percent-height-scrolling\" style=\"background-color: rgba(255,255,255,0);background-position: center center;background-repeat: no-repeat;border-width: 0px 0px 0px 0px;border-color:#eae9e9;border-style:solid;\" ><div class=\"fusion-builder-row fusion-row fusion-flex-align-items-flex-start\" style=\"max-width:1456px;margin-left: calc(-4% \/ 2 );margin-right: calc(-4% \/ 2 );\"><div class=\"fusion-layout-column fusion_builder_column fusion-builder-column-2 fusion_builder_column_1_1 1_1 fusion-flex-column\"><div class=\"fusion-column-wrapper fusion-flex-justify-content-flex-start fusion-content-layout-column\" style=\"background-position:left top;background-repeat:no-repeat;-webkit-background-size:cover;-moz-background-size:cover;-o-background-size:cover;background-size:cover;padding: 0px 0px 0px 0px;\"><div class=\"fusion-text fusion-text-2\"><h2>\u00bfQu\u00e9 es el imperativo? \u00bfCu\u00e1ndo hay que usarlo?<\/h2>\n<p>El <strong>modo imperativo <\/strong>es uno de los cuatro modos<strong> personales en franc\u00e9s<\/strong> (lado a lado con el indicativo, que es el m\u00e1s utilizado, el subjuntivo y el condicional). A lo mejor este modo te suena conocido, pues tambi\u00e9n lo tenemos en espa\u00f1ol, y lo usamos sobre todo para mandar. A pesar de ser conocido como uno de los modos llamados personales, cabe mencionar que una <strong>particularidad importante<\/strong> del imperativo es que no utiliza <strong>pronombres personales<\/strong> directamente.\u00a0 As\u00ed es: \u00a1no va acompa\u00f1ado de ning\u00fan sujeto! Esto lo hace a\u00fan m\u00e1s sencillo de digerir.<\/p>\n<p>En cuanto a su uso, es sencillo: tal y como en espa\u00f1ol, el imperativo es la clave para dar <strong>\u00f3rdenes, pedir<\/strong>\u00a0<strong>cosas,<\/strong> dar <strong>consejos,<\/strong> expresar <strong>deseos,<\/strong> dar sugerencias o recomendaciones y prohibir acciones. Una \u00faltima caracter\u00edstica de este modo es que solo se usa para referirse a tres personas: tu, nous y vous. Hablaremos m\u00e1s a profundidad de esto \u00faltimo en el punto siguiente.<\/p>\n<h2>La f\u00f3rmula del imperativo en franc\u00e9s<\/h2>\n<h3>1. Primera persona del plural<\/h3>\n<p>Esta primera f\u00f3rmula del imperativo habla del <strong>nosotros, nous<\/strong>, y adquiere la siguiente forma para los verbos que terminan en <strong>-er, -re <\/strong>y los irregulares:<\/p>\n<blockquote>\n<p><strong>Ra\u00edz del verbo +\u00a0 sufijo (-ons)<\/strong><\/p>\n<\/blockquote>\n<p>Ejemplos:<\/p>\n<ul>\n<li aria-level=\"1\"><em><strong>Allons<\/strong> au cinema ce soir\u00a0!<\/em> (\u00a1Vamos al parque esta noche!)<\/li>\n<li aria-level=\"1\"><em><strong>Regardons<\/strong> le match ce soir, c\u2019est le clasico<\/em>. (Veamos el partido esta noche, es el cl\u00e1sico.)<\/li>\n<li aria-level=\"1\"><em><strong>Parlons<\/strong> d\u2019autre chose, s\u2019il vous plait.<\/em> (Hablemos de otra cosa, por favor.)<\/li>\n<\/ul>\n<p><img class=\"size-medium wp-image-47518 aligncenter\" src=\"https:\/\/global-exam.com\/blog\/wp-content\/uploads\/2021\/05\/imperative-general-french-300x179.jpeg\" alt=\"Conoce el imperativo de la gram\u00e1tica francesa\" width=\"300\" height=\"179\" srcset=\"https:\/\/global-exam.com\/blog\/wp-content\/uploads\/2021\/05\/imperative-general-french-200x119.jpeg 200w, https:\/\/global-exam.com\/blog\/wp-content\/uploads\/2021\/05\/imperative-general-french-300x179.jpeg 300w, https:\/\/global-exam.com\/blog\/wp-content\/uploads\/2021\/05\/imperative-general-french-400x239.jpeg 400w, https:\/\/global-exam.com\/blog\/wp-content\/uploads\/2021\/05\/imperative-general-french-600x358.jpeg 600w, https:\/\/global-exam.com\/blog\/wp-content\/uploads\/2021\/05\/imperative-general-french-768x458.jpeg 768w, https:\/\/global-exam.com\/blog\/wp-content\/uploads\/2021\/05\/imperative-general-french-800x477.jpeg 800w, https:\/\/global-exam.com\/blog\/wp-content\/uploads\/2021\/05\/imperative-general-french-1024x611.jpeg 1024w, https:\/\/global-exam.com\/blog\/wp-content\/uploads\/2021\/05\/imperative-general-french.jpeg 1138w\" sizes=\"(max-width: 300px) 100vw, 300px\" \/><\/p>\n<p>Para los verbos que terminen en -ir, la terminaci\u00f3n cambia:<\/p>\n<blockquote>\n<p><strong>Ra\u00edz del verbo +\u00a0 sufijo (-issons)<\/strong><\/p>\n<\/blockquote>\n<p>Ejemplos:<\/p>\n<ul>\n<li aria-level=\"1\"><em><strong>Ob\u00e9issons<\/strong> \u00e0 maman, elle a raison<\/em>. (Obedezcamos a mam\u00e1, ella tiene raz\u00f3n.)<\/li>\n<li aria-level=\"1\"><em><strong>R\u00e9fl\u00e9chissons<\/strong> avant de prendre une d\u00e9cision<\/em>. (Pens\u00e9moslo antes de tomar una decisi\u00f3n.)<\/li>\n<li aria-level=\"1\"><em><strong>Choisissons<\/strong> le produit qui respecte l\u2019environnement<\/em>. (Escojamos el producto que respecta el ambiente.)<\/li>\n<\/ul>\n<h3>2. Segunda persona del singular<\/h3>\n<p>Ahora se trata de la persona tu. La f\u00f3rmula en este caso cambia, y con ciertas particularidades y reglas a respetar. Para empezar, si el verbo acaba en<strong> -er<\/strong>, copiamos la conjugaci\u00f3n del presente del indicativo, pero sin la s al final:<\/p>\n<blockquote>\n<p><strong>Verbo conjugado (indicativo) \u2013 (s)<\/strong><\/p>\n<\/blockquote>\n<p>Veamos algunos ejemplos:<\/p>\n<ul>\n<li aria-level=\"1\"><em><strong>Parle<\/strong> plus fort Marine, je ne t\u2019entends presque pas<\/em>. (Habla un poco m\u00e1s alto Marine, casi no te escucho.)<\/li>\n<li aria-level=\"1\"><em><strong>Mange<\/strong> plus de l\u00e9gumes et de fruits, Lucas<\/em>. (Lucas, come m\u00e1s frutas y verduras.)<\/li>\n<li aria-level=\"1\"><em><strong>Appelle<\/strong>-moi d\u00e8s que tu arrives chez toi<\/em>. (Ll\u00e1mame cuando llegues a tu casa.)<\/li>\n<\/ul>\n<p>Si el verbo termina en -ir o -re, eliminamos estas terminaciones y en su lugar ponemos una s:<\/p>\n<blockquote>\n<p><strong>Verbo \u2013 (-ir) + (s)<\/strong><\/p>\n<p><strong>Verbo \u2013 (-re) + (s)<\/strong><\/p>\n<\/blockquote>\n<p>Como siempre, tenemos algunos ejemplos:<\/p>\n<ul>\n<li aria-level=\"1\"><em><strong>Finis<\/strong> tes devoirs avant midi et on ira \u00e0 la plage<\/em>. \u00a0(Termina tus tareas antes del mediod\u00eda e iremos a la playa.)<\/li>\n<li aria-level=\"1\"><em><strong>Vends<\/strong> les v\u00eatements que tu ne portes plus sur le site web de Vinted\u00a0!<\/em> (\u00a1Vende las prendas que ya no usas en el sitio web de Vinted!)<\/li>\n<li aria-level=\"1\"><em>Une fois que tu arrives \u00e0 la gare, <strong>prends<\/strong> la ligne 3 du m\u00e9tro<\/em>. (Una vez que llegues a la estaci\u00f3n, toma la l\u00ednea 3 del metro.)<\/li>\n<\/ul>\n<h3>3. Segunda persona del plural<\/h3>\n<p>Finalmente llegamos a la \u00faltima persona que usa el imperativo: vous. En este caso, \u00a1la cosa es mucho m\u00e1s f\u00e1cil! Esta forma del imperativo requiere menos cambios: solo hace falta conjugar el presente y usarlo sin el pronombre personal, para los verbos que terminan en -er, -re y los irregulares:<\/p>\n<blockquote>\n<p><strong>Ra\u00edz del verbo + (-ez)<\/strong><\/p>\n<\/blockquote>\n<p>Ejemplos a continuaci\u00f3n:<\/p>\n<ul>\n<li aria-level=\"1\"><em><strong>Ouvrez<\/strong> la porte, c\u2019est la police\u00a0! (<\/em>Abran la puerta, \u00a1es la polic\u00eda!)<\/li>\n<li aria-level=\"1\"><em>Madame\u00a0: <strong>envoyez<\/strong>-moi votre lettre de motivation<\/em>. (Se\u00f1ora: env\u00edeme su carta de motivaci\u00f3n.)<\/li>\n<li aria-level=\"1\"><em><strong>Offrez<\/strong> le meilleur cadeau \u00e0 votre maman cette F\u00eate des M\u00e8res<\/em>. (Reg\u00e1lele a su mam\u00e1 el mejor regalo este D\u00eda de la Madre.)<\/li>\n<\/ul>\n<p><img class=\"size-medium wp-image-47520 aligncenter\" src=\"https:\/\/global-exam.com\/blog\/wp-content\/uploads\/2021\/05\/general-french-gramatica-imperativo-300x200.jpeg\" alt=\"Te presentamos el imperativo de la gram\u00e1tica francesa\" width=\"300\" height=\"200\" srcset=\"https:\/\/global-exam.com\/blog\/wp-content\/uploads\/2021\/05\/general-french-gramatica-imperativo-200x133.jpeg 200w, https:\/\/global-exam.com\/blog\/wp-content\/uploads\/2021\/05\/general-french-gramatica-imperativo-300x200.jpeg 300w, https:\/\/global-exam.com\/blog\/wp-content\/uploads\/2021\/05\/general-french-gramatica-imperativo-400x267.jpeg 400w, https:\/\/global-exam.com\/blog\/wp-content\/uploads\/2021\/05\/general-french-gramatica-imperativo-600x400.jpeg 600w, https:\/\/global-exam.com\/blog\/wp-content\/uploads\/2021\/05\/general-french-gramatica-imperativo-768x512.jpeg 768w, https:\/\/global-exam.com\/blog\/wp-content\/uploads\/2021\/05\/general-french-gramatica-imperativo-800x533.jpeg 800w, https:\/\/global-exam.com\/blog\/wp-content\/uploads\/2021\/05\/general-french-gramatica-imperativo-1024x683.jpeg 1024w, https:\/\/global-exam.com\/blog\/wp-content\/uploads\/2021\/05\/general-french-gramatica-imperativo.jpeg 1050w\" sizes=\"(max-width: 300px) 100vw, 300px\" \/><\/p>\n<p>En el caso de los verbos que terminan en -ir, procedemos de la forma siguiente:<\/p>\n<blockquote>\n<p><strong>Ra\u00edz del verbo + (-issez)<\/strong><\/p>\n<\/blockquote>\n<p>Aqu\u00ed unos ejemplos:<\/p>\n<ul>\n<li aria-level=\"1\"><em><strong>Agissez<\/strong> de mani\u00e8re spontan\u00e9e\u00a0!<\/em> (\u00a1Act\u00faen de manera espont\u00e1nea!)<\/li>\n<li aria-level=\"1\"><em><strong>\u00c9claircissez<\/strong> cette situation si vite que possible<\/em>. (Aclare esta situaci\u00f3n lo m\u00e1s r\u00e1pido posible.)<\/li>\n<li aria-level=\"1\"><em><strong>Ob\u00e9issez<\/strong> \u00e0 votre cheffe de d\u00e9partement ou vous risquez de vous faire licencier<\/em>. (Obedezca a su jefa de \u00e1rea o se arriesga a ser despedido\/a.)<\/li>\n<\/ul>\n<h2>\u00bfC\u00f3mo formar el imperativo en forma negativa?<\/h2>\n<p>Una vez que ya conoces la forma positiva, la negativa es s\u00faper sencilla: solo hay que agregar dos palabras antes y despu\u00e9s del verbo, como en la f\u00f3rmula siguiente:<\/p>\n<blockquote>\n<p><strong>Ne + verbo en imperativo + pas + frase<\/strong><\/p>\n<\/blockquote>\n<p>Ahora, veamos unos ejemplos para que quede m\u00e1s claro:<\/p>\n<ul>\n<li aria-level=\"1\"><em><strong>Ne me dites<\/strong> pas que vous serez absents\u00a0!<\/em> (\u00a1No me digan que estar\u00e1n ausentes!)<\/li>\n<li aria-level=\"1\"><em><strong>N\u2019oublie pas<\/strong> fermer la porte \u00e0 cl\u00e9<\/em>. (No te olvides de cerrar la puerta con llave.)<\/li>\n<li aria-level=\"1\"><em><strong>Ne soyons pas<\/strong> na\u00effs, elle ment toujours<\/em>. (No seamos ingenuos, ella siempre miente.)<\/li>\n<\/ul>\n<h2>Escritura: algunas excepciones<\/h2>\n<p>Como siempre en franc\u00e9s, existen algunas <strong>excepciones<\/strong> en cuanto a la escritura del <strong>imperativo<\/strong>. A continuaci\u00f3n, te mostraremos algunos:<\/p>\n\n<table id=\"tablepress-1871\" class=\"tablepress tablepress-id-1871\">\n<thead>\n<tr class=\"row-1 odd\">\n\t<th class=\"column-1\">&nbsp;<\/th><th class=\"column-2\">Nous<\/th><th class=\"column-3\">Tu<\/th><th class=\"column-4\">Vous<\/th>\n<\/tr>\n<\/thead>\n<tbody class=\"row-hover\">\n<tr class=\"row-2 even\">\n\t<td class=\"column-1\">Aller<\/td><td class=\"column-2\">Allons !<\/td><td class=\"column-3\">Va !<\/td><td class=\"column-4\">Allez !<\/td>\n<\/tr>\n<tr class=\"row-3 odd\">\n\t<td class=\"column-1\">Avoir<\/td><td class=\"column-2\">Ayons !<\/td><td class=\"column-3\">Aie !<\/td><td class=\"column-4\">Ayez !<\/td>\n<\/tr>\n<tr class=\"row-4 even\">\n\t<td class=\"column-1\">\u00catre<\/td><td class=\"column-2\">Soyons !<\/td><td class=\"column-3\">Sois !<\/td><td class=\"column-4\">Soyez !<\/td>\n<\/tr>\n<tr class=\"row-5 odd\">\n\t<td class=\"column-1\">Savoir<\/td><td class=\"column-2\">Sachons !<\/td><td class=\"column-3\">Sache !<\/td><td class=\"column-4\">Sachez !<\/td>\n<\/tr>\n<tr class=\"row-6 even\">\n\t<td class=\"column-1\">Vouloir<\/td><td class=\"column-2\">Veuillons* \/ Voulons !<\/td><td class=\"column-3\">Veuille !<\/td><td class=\"column-4\">Veuillez !<\/td>\n<\/tr>\n<\/tbody>\n<\/table>\n\n<p>*<strong>OJO<\/strong>: Al buscar en internet, notar\u00e1s que el uso de veuillons como forma del <strong>imperativo<\/strong> en <strong>franc\u00e9s<\/strong> es objeto de debate, y muchos optan por utilizar voulons en su lugar. Sin embargo, seg\u00fan el conjugador del Bescherelle (una de las eminencias en lengua francesa), es posible utilizar cualquiera de los <strong>dos<\/strong>.<\/p>\n<h2>Usos del imperativo en el pasado<\/h2>\n<p>\u00bfCre\u00edas haberlo visto todo? Pues, en realidad, a\u00fan queda un \u00faltimo punto que tocar en cuanto al <strong>imperativo<\/strong> en <strong>franc\u00e9s<\/strong>: la forma del <strong>imperativo<\/strong> <strong>pasado<\/strong>. Lo curioso sobre esta f\u00f3rmula es que la utilizar\u00e1s muy poco, pues se usa exclusivamente para dar <strong>\u00f3rdenes<\/strong> sobre acciones que deben ser completadas antes de un <strong>tiempo<\/strong> <strong>espec\u00edfico<\/strong>. Se forma de la siguiente manera:<\/p>\n<blockquote>\n<p><strong>(\u00eatre\u00a0 \/ avoir) en imperativo presente + participio del verbo 2 + frase<\/strong><\/p>\n<\/blockquote>\n<p><img class=\"size-medium wp-image-47521 aligncenter\" src=\"https:\/\/global-exam.com\/blog\/wp-content\/uploads\/2021\/05\/imperativo-gramatice-francesa-300x200.jpeg\" alt=\"El imperativo de la gram\u00e1tica francesa\" width=\"300\" height=\"200\" srcset=\"https:\/\/global-exam.com\/blog\/wp-content\/uploads\/2021\/05\/imperativo-gramatice-francesa-200x133.jpeg 200w, https:\/\/global-exam.com\/blog\/wp-content\/uploads\/2021\/05\/imperativo-gramatice-francesa-300x200.jpeg 300w, https:\/\/global-exam.com\/blog\/wp-content\/uploads\/2021\/05\/imperativo-gramatice-francesa-400x267.jpeg 400w, https:\/\/global-exam.com\/blog\/wp-content\/uploads\/2021\/05\/imperativo-gramatice-francesa-600x400.jpeg 600w, https:\/\/global-exam.com\/blog\/wp-content\/uploads\/2021\/05\/imperativo-gramatice-francesa-768x512.jpeg 768w, https:\/\/global-exam.com\/blog\/wp-content\/uploads\/2021\/05\/imperativo-gramatice-francesa-800x533.jpeg 800w, https:\/\/global-exam.com\/blog\/wp-content\/uploads\/2021\/05\/imperativo-gramatice-francesa-1024x683.jpeg 1024w, https:\/\/global-exam.com\/blog\/wp-content\/uploads\/2021\/05\/imperativo-gramatice-francesa.jpeg 1050w\" sizes=\"(max-width: 300px) 100vw, 300px\" \/><\/p>\n<p>Echemos un vistazo a algunos ejemplos:<\/p>\n<ul>\n<li aria-level=\"1\"><em><strong>Ayons<\/strong> pr\u00e9par\u00e9 ce rapport pour demain\u00a0apr\u00e8s-midi<\/em>. (Tengamos este reporte listo para ma\u00f1ana en la tarde.)<\/li>\n<li aria-level=\"1\"><em><strong>Aie<\/strong> appris les le\u00e7ons avant l\u2019examen<\/em>. (Apr\u00e9ndete las lecciones antes del examen.)<\/li>\n<li aria-level=\"1\"><em><strong>Ayez<\/strong> lav\u00e9 vos mains avant de vous mettre \u00e0 table<\/em>. (L\u00e1vense las manos antes de sentarse a la mesa.)<\/li>\n<\/ul>\n<h2>Ejercicios sobre el imperativo en franc\u00e9s<\/h2>\n<p>Conjuga los verbos en las siguientes frases seg\u00fan convenga.<\/p>\n<blockquote>\n<p>1. Pour pr\u00e9venir les maladies, ______ &#8211; vous les main (laver).<\/p>\n<p>2. ______ les normes et tout se passera bien. (Respecter &#8211; vous)<\/p>\n<p>3. ______ \u00e0 la plage ce weekend. (Aller &#8211; nous.<\/p>\n<p>4. Si vous avez des questions, ______ de m\u2019en demander.\u00a0 (Ne pas hesiter)<\/p>\n<p>5. Vas-y! ______ ton cadeau ! (Ouvrir)<\/p>\n<p>6. ______ nos chaussures avant d\u2019entrer \u00e0 la maison. (Enlever)<\/p>\n<p>7. S\u2019il vous plait, ______, on est dans un h\u00f4pital. Gardez le silence.<\/p>\n<p>8. ______ \u00e0 la prof la date de l\u2019examen. (Demander)<\/p>\n<p>9. ______\u00a0 &#8211; toi de fermer la porte \u00e0 cl\u00e9. (Assurer)<\/p>\n<p>10. ______ ici, c\u2019est interdit. (Ne pas fumer &#8211; tu)<\/p>\n<\/blockquote>\n<p>(Respuestas: 1. Lavez, 2. Respectez; 3. Allons, 4. Ne h\u00e9sitez pas, 5. Ouvre, 6. Enlevons, 7. Ne criez pas, 8. Demande, 9. Assure, 10. Ne fume pas)<\/p>\n<h2>Aprende franc\u00e9s con nuestro programa Global General<\/h2>\n<p>En GlobalExam sabemos que tienes imperativos absolutos acerca de tu crecimiento personal. Por eso, estamos aqu\u00ed para darte una mano en cuanto al <a href=\"https:\/\/global-exam.com\/es\/general\/french\">aprendizaje del franc\u00e9s<\/a> y de otras lenguas extranjeras, a trav\u00e9s de nuestro nuevo programa: el<strong>\u00a0Global General.<\/strong> Con esta programa estar\u00e1s listo para pasar el <a href=\"https:\/\/global-exam.com\/es\/exam\/delf\">DELF<\/a>, <a href=\"https:\/\/global-exam.com\/es\/exam\/dalf\">DALF<\/a> o <a href=\"https:\/\/global-exam.com\/es\/exam\/tcf\">TCF<\/a> \u00a1An\u00edmate y ampl\u00eda tus horizontes! Inscr\u00edbete con nosotros y ve m\u00e1s all\u00e1.<\/p>\n<p>Adem\u00e1s, de esto, podr\u00e1s tener acceso a muchas <a href=\"https:\/\/global-exam.com\/blog\/es\/fichas-de-gramatica-francesa-reglas-gramaticales-y-ejercicios\/\">fichas de gram\u00e1tica en franc\u00e9s<\/a> como por ejemplo:<\/p>\n<ul>\n<li><a href=\"https:\/\/global-exam.com\/blog\/es\/gramatica-francesa-adjetivos-en-frances-reglas-ejemplos-y-ejercicios\/\">Adjetivos en franc\u00e9s: reglas, ejemplos y ejercicios<\/a><\/li>\n<li><a href=\"https:\/\/global-exam.com\/blog\/es\/gramatica-francesa-pronombres-en-frances-tipos-de-pronombres-y-ejercicios\/\">Pronombres en franc\u00e9s: tipos de pronombres y ejercicios<\/a><\/li>\n<li><a href=\"https:\/\/global-exam.com\/blog\/es\/gramatica-francesa-el-presente-en-frances-reglas-ejemplos-y-ejercicios\/\">El presente en franc\u00e9s: tipos, reglas, ejemplos y ejercicios<\/a><\/li>\n<li><a href=\"https:\/\/global-exam.com\/blog\/es\/gramatica-francesa-el-futuro-en-frances-reglas-ejemplos-y-ejercicios\/\">El futuro en franc\u00e9s: reglas, ejemplos y ejercicios<\/a><\/li>\n<\/ul>\n<\/div><\/div><style type=\"text\/css\">.fusion-body .fusion-builder-column-2{width:100% !important;margin-top : 0px;margin-bottom : 0px;}.fusion-builder-column-2 > .fusion-column-wrapper {padding-top : 0px !important;padding-right : 0px !important;margin-right : 1.92%;padding-bottom : 0px !important;padding-left : 0px !important;margin-left : 1.92%;}@media only screen and (max-width:1024px) {.fusion-body .fusion-builder-column-2{width:100% !important;}.fusion-builder-column-2 > .fusion-column-wrapper {margin-right : 1.92%;margin-left : 1.92%;}}@media only screen and (max-width:640px) {.fusion-body .fusion-builder-column-2{width:100% !important;}.fusion-builder-column-2 > .fusion-column-wrapper {margin-right : 1.92%;margin-left : 1.92%;}}<\/style><\/div><\/div><style type=\"text\/css\">.fusion-body .fusion-flex-container.fusion-builder-row-3{ padding-top : 0px;margin-top : 0px;padding-right : 0px;padding-bottom : 0px;margin-bottom : 0px;padding-left : 0px;}<\/style><\/div><\/p>\n","protected":false},"excerpt":{"rendered":"","protected":false},"author":24,"featured_media":47519,"comment_status":"closed","ping_status":"open","sticky":false,"template":"","format":"standard","meta":[],"categories":[5503,5505,5507,5537],"tags":[],"acf":[],"yoast_head":"<!-- This site is optimized with the Yoast SEO plugin v17.2.1 - https:\/\/yoast.com\/wordpress\/plugins\/seo\/ -->\n<title>El imperativo en franc\u00e9s: reglas, ejemplos y ejercicios - GlobalExam Blog<\/title>\n<meta name=\"description\" content=\"En este art\u00edculo tocaremos el tema del modo imperativo en franc\u00e9s, desde qu\u00e9 es y para qu\u00e9 se usa hasta c\u00f3mo escribirlo en sus distintos usos.\" \/>\n<meta name=\"robots\" content=\"index, follow, max-snippet:-1, max-image-preview:large, max-video-preview:-1\" \/>\n<link rel=\"canonical\" href=\"https:\/\/global-exam.com\/blog\/es\/gramatica-francesa-el-imperativo-en-frances-reglas-ejemplos-y-ejercicios\/\" \/>\n<meta property=\"og:locale\" content=\"fr_FR\" \/>\n<meta property=\"og:type\" content=\"article\" \/>\n<meta property=\"og:title\" content=\"El imperativo en franc\u00e9s: reglas, ejemplos y ejercicios - GlobalExam Blog\" \/>\n<meta property=\"og:description\" content=\"En este art\u00edculo tocaremos el tema del modo imperativo en franc\u00e9s, desde qu\u00e9 es y para qu\u00e9 se usa hasta c\u00f3mo escribirlo en sus distintos usos.\" \/>\n<meta property=\"og:url\" content=\"https:\/\/global-exam.com\/blog\/es\/gramatica-francesa-el-imperativo-en-frances-reglas-ejemplos-y-ejercicios\/\" \/>\n<meta property=\"og:site_name\" content=\"GlobalExam Blog\" \/>\n<meta property=\"article:publisher\" content=\"https:\/\/www.facebook.com\/Global.Exam\" \/>\n<meta property=\"article:published_time\" content=\"2021-05-19T12:29:20+00:00\" \/>\n<meta property=\"article:modified_time\" content=\"2021-10-28T15:32:36+00:00\" \/>\n<meta property=\"og:image\" content=\"https:\/\/global-exam.com\/blog\/wp-content\/uploads\/2021\/05\/general-french-imperativo-e1621427173304.jpeg\" \/>\n\t<meta property=\"og:image:width\" content=\"1170\" \/>\n\t<meta property=\"og:image:height\" content=\"541\" \/>\n<meta name=\"twitter:card\" content=\"summary_large_image\" \/>\n<meta name=\"twitter:creator\" content=\"@Global_Exam\" \/>\n<meta name=\"twitter:site\" content=\"@Global_Exam\" \/>\n<meta name=\"twitter:label1\" content=\"\u00c9crit par\" \/>\n\t<meta name=\"twitter:data1\" content=\"Aude\" \/>\n\t<meta name=\"twitter:label2\" content=\"Dur\u00e9e de lecture estim\u00e9e\" \/>\n\t<meta name=\"twitter:data2\" content=\"7 minutes\" \/>\n<script type=\"application\/ld+json\" class=\"yoast-schema-graph\">{\"@context\":\"https:\/\/schema.org\",\"@graph\":[{\"@type\":\"WebSite\",\"@id\":\"https:\/\/global-exam.com\/blog\/#website\",\"url\":\"https:\/\/global-exam.com\/blog\/\",\"name\":\"GlobalExam Blog\",\"description\":\"Le blog du sp\\u00e9cialiste de la certification linguistique\",\"potentialAction\":[{\"@type\":\"SearchAction\",\"target\":{\"@type\":\"EntryPoint\",\"urlTemplate\":\"https:\/\/global-exam.com\/blog\/?s={search_term_string}\"},\"query-input\":\"required name=search_term_string\"}],\"inLanguage\":\"fr-FR\"},{\"@type\":\"ImageObject\",\"@id\":\"https:\/\/global-exam.com\/blog\/es\/gramatica-francesa-el-imperativo-en-frances-reglas-ejemplos-y-ejercicios\/#primaryimage\",\"inLanguage\":\"fr-FR\",\"url\":\"https:\/\/global-exam.com\/blog\/wp-content\/uploads\/2021\/05\/general-french-imperativo-e1621427173304.jpeg\",\"contentUrl\":\"https:\/\/global-exam.com\/blog\/wp-content\/uploads\/2021\/05\/general-french-imperativo-e1621427173304.jpeg\",\"width\":1170,\"height\":541,\"caption\":\"Aprende la gram\\u00e1tica francesa con el general french\"},{\"@type\":\"WebPage\",\"@id\":\"https:\/\/global-exam.com\/blog\/es\/gramatica-francesa-el-imperativo-en-frances-reglas-ejemplos-y-ejercicios\/#webpage\",\"url\":\"https:\/\/global-exam.com\/blog\/es\/gramatica-francesa-el-imperativo-en-frances-reglas-ejemplos-y-ejercicios\/\",\"name\":\"El imperativo en franc\\u00e9s: reglas, ejemplos y ejercicios - GlobalExam Blog\",\"isPartOf\":{\"@id\":\"https:\/\/global-exam.com\/blog\/#website\"},\"primaryImageOfPage\":{\"@id\":\"https:\/\/global-exam.com\/blog\/es\/gramatica-francesa-el-imperativo-en-frances-reglas-ejemplos-y-ejercicios\/#primaryimage\"},\"datePublished\":\"2021-05-19T12:29:20+00:00\",\"dateModified\":\"2021-10-28T15:32:36+00:00\",\"author\":{\"@id\":\"https:\/\/global-exam.com\/blog\/#\/schema\/person\/347ff84774fa929fb1b6f9ec2c9e04cc\"},\"description\":\"En este art\\u00edculo tocaremos el tema del modo imperativo en franc\\u00e9s, desde qu\\u00e9 es y para qu\\u00e9 se usa hasta c\\u00f3mo escribirlo en sus distintos usos.\",\"breadcrumb\":{\"@id\":\"https:\/\/global-exam.com\/blog\/es\/gramatica-francesa-el-imperativo-en-frances-reglas-ejemplos-y-ejercicios\/#breadcrumb\"},\"inLanguage\":\"fr-FR\",\"potentialAction\":[{\"@type\":\"ReadAction\",\"target\":[\"https:\/\/global-exam.com\/blog\/es\/gramatica-francesa-el-imperativo-en-frances-reglas-ejemplos-y-ejercicios\/\"]}]},{\"@type\":\"BreadcrumbList\",\"@id\":\"https:\/\/global-exam.com\/blog\/es\/gramatica-francesa-el-imperativo-en-frances-reglas-ejemplos-y-ejercicios\/#breadcrumb\",\"itemListElement\":[{\"@type\":\"ListItem\",\"position\":1,\"name\":\"General French\",\"item\":\"https:\/\/global-exam.com\/blog\/es\/general-french-aprende-frances-online\/\"},{\"@type\":\"ListItem\",\"position\":2,\"name\":\"Gram\\u00e1tica francesa\",\"item\":\"https:\/\/global-exam.com\/blog\/es\/general-french-aprende-frances-online\/categoria-gramatica-francesa\/\"},{\"@type\":\"ListItem\",\"position\":3,\"name\":\"El imperativo en franc\\u00e9s: reglas, ejemplos y ejercicios\"}]},{\"@type\":\"Person\",\"@id\":\"https:\/\/global-exam.com\/blog\/#\/schema\/person\/347ff84774fa929fb1b6f9ec2c9e04cc\",\"name\":\"Aude\",\"image\":{\"@type\":\"ImageObject\",\"@id\":\"https:\/\/global-exam.com\/blog\/#personlogo\",\"inLanguage\":\"fr-FR\",\"url\":\"https:\/\/secure.gravatar.com\/avatar\/9c91b1f887db129f5b6c67b2e774d9f4?s=96&d=mm&r=g\",\"contentUrl\":\"https:\/\/secure.gravatar.com\/avatar\/9c91b1f887db129f5b6c67b2e774d9f4?s=96&d=mm&r=g\",\"caption\":\"Aude\"}}]}<\/script>\n<!-- \/ Yoast SEO plugin. -->","yoast_head_json":{"title":"El imperativo en franc\u00e9s: reglas, ejemplos y ejercicios - GlobalExam Blog","description":"En este art\u00edculo tocaremos el tema del modo imperativo en franc\u00e9s, desde qu\u00e9 es y para qu\u00e9 se usa hasta c\u00f3mo escribirlo en sus distintos usos.","robots":{"index":"index","follow":"follow","max-snippet":"max-snippet:-1","max-image-preview":"max-image-preview:large","max-video-preview":"max-video-preview:-1"},"canonical":"https:\/\/global-exam.com\/blog\/es\/gramatica-francesa-el-imperativo-en-frances-reglas-ejemplos-y-ejercicios\/","og_locale":"fr_FR","og_type":"article","og_title":"El imperativo en franc\u00e9s: reglas, ejemplos y ejercicios - GlobalExam Blog","og_description":"En este art\u00edculo tocaremos el tema del modo imperativo en franc\u00e9s, desde qu\u00e9 es y para qu\u00e9 se usa hasta c\u00f3mo escribirlo en sus distintos usos.","og_url":"https:\/\/global-exam.com\/blog\/es\/gramatica-francesa-el-imperativo-en-frances-reglas-ejemplos-y-ejercicios\/","og_site_name":"GlobalExam Blog","article_publisher":"https:\/\/www.facebook.com\/Global.Exam","article_published_time":"2021-05-19T12:29:20+00:00","article_modified_time":"2021-10-28T15:32:36+00:00","og_image":[{"width":1170,"height":541,"url":"https:\/\/global-exam.com\/blog\/wp-content\/uploads\/2021\/05\/general-french-imperativo-e1621427173304.jpeg","path":"\/home\/forge\/global-exam.com\/wp-content\/uploads\/2021\/05\/general-french-imperativo-e1621427173304.jpeg","size":"full","id":47519,"alt":"Aprende la gram\u00e1tica francesa con el general french","pixels":632970,"type":"image\/jpeg"}],"twitter_card":"summary_large_image","twitter_creator":"@Global_Exam","twitter_site":"@Global_Exam","twitter_misc":{"\u00c9crit par":"Aude","Dur\u00e9e de lecture estim\u00e9e":"7 minutes"},"schema":{"@context":"https:\/\/schema.org","@graph":[{"@type":"WebSite","@id":"https:\/\/global-exam.com\/blog\/#website","url":"https:\/\/global-exam.com\/blog\/","name":"GlobalExam Blog","description":"Le blog du sp\u00e9cialiste de la certification linguistique","potentialAction":[{"@type":"SearchAction","target":{"@type":"EntryPoint","urlTemplate":"https:\/\/global-exam.com\/blog\/?s={search_term_string}"},"query-input":"required name=search_term_string"}],"inLanguage":"fr-FR"},{"@type":"ImageObject","@id":"https:\/\/global-exam.com\/blog\/es\/gramatica-francesa-el-imperativo-en-frances-reglas-ejemplos-y-ejercicios\/#primaryimage","inLanguage":"fr-FR","url":"https:\/\/global-exam.com\/blog\/wp-content\/uploads\/2021\/05\/general-french-imperativo-e1621427173304.jpeg","contentUrl":"https:\/\/global-exam.com\/blog\/wp-content\/uploads\/2021\/05\/general-french-imperativo-e1621427173304.jpeg","width":1170,"height":541,"caption":"Aprende la gram\u00e1tica francesa con el general french"},{"@type":"WebPage","@id":"https:\/\/global-exam.com\/blog\/es\/gramatica-francesa-el-imperativo-en-frances-reglas-ejemplos-y-ejercicios\/#webpage","url":"https:\/\/global-exam.com\/blog\/es\/gramatica-francesa-el-imperativo-en-frances-reglas-ejemplos-y-ejercicios\/","name":"El imperativo en franc\u00e9s: reglas, ejemplos y ejercicios - GlobalExam Blog","isPartOf":{"@id":"https:\/\/global-exam.com\/blog\/#website"},"primaryImageOfPage":{"@id":"https:\/\/global-exam.com\/blog\/es\/gramatica-francesa-el-imperativo-en-frances-reglas-ejemplos-y-ejercicios\/#primaryimage"},"datePublished":"2021-05-19T12:29:20+00:00","dateModified":"2021-10-28T15:32:36+00:00","author":{"@id":"https:\/\/global-exam.com\/blog\/#\/schema\/person\/347ff84774fa929fb1b6f9ec2c9e04cc"},"description":"En este art\u00edculo tocaremos el tema del modo imperativo en franc\u00e9s, desde qu\u00e9 es y para qu\u00e9 se usa hasta c\u00f3mo escribirlo en sus distintos usos.","breadcrumb":{"@id":"https:\/\/global-exam.com\/blog\/es\/gramatica-francesa-el-imperativo-en-frances-reglas-ejemplos-y-ejercicios\/#breadcrumb"},"inLanguage":"fr-FR","potentialAction":[{"@type":"ReadAction","target":["https:\/\/global-exam.com\/blog\/es\/gramatica-francesa-el-imperativo-en-frances-reglas-ejemplos-y-ejercicios\/"]}]},{"@type":"BreadcrumbList","@id":"https:\/\/global-exam.com\/blog\/es\/gramatica-francesa-el-imperativo-en-frances-reglas-ejemplos-y-ejercicios\/#breadcrumb","itemListElement":[{"@type":"ListItem","position":1,"name":"General French","item":"https:\/\/global-exam.com\/blog\/es\/general-french-aprende-frances-online\/"},{"@type":"ListItem","position":2,"name":"Gram\u00e1tica francesa","item":"https:\/\/global-exam.com\/blog\/es\/general-french-aprende-frances-online\/categoria-gramatica-francesa\/"},{"@type":"ListItem","position":3,"name":"El imperativo en franc\u00e9s: reglas, ejemplos y ejercicios"}]},{"@type":"Person","@id":"https:\/\/global-exam.com\/blog\/#\/schema\/person\/347ff84774fa929fb1b6f9ec2c9e04cc","name":"Aude","image":{"@type":"ImageObject","@id":"https:\/\/global-exam.com\/blog\/#personlogo","inLanguage":"fr-FR","url":"https:\/\/secure.gravatar.com\/avatar\/9c91b1f887db129f5b6c67b2e774d9f4?s=96&d=mm&r=g","contentUrl":"https:\/\/secure.gravatar.com\/avatar\/9c91b1f887db129f5b6c67b2e774d9f4?s=96&d=mm&r=g","caption":"Aude"}}]}},"lang":"es","translations":{"es":47475},"pll_sync_post":[],"_links":{"self":[{"href":"https:\/\/global-exam.com\/blog\/wp-json\/wp\/v2\/posts\/47475"}],"collection":[{"href":"https:\/\/global-exam.com\/blog\/wp-json\/wp\/v2\/posts"}],"about":[{"href":"https:\/\/global-exam.com\/blog\/wp-json\/wp\/v2\/types\/post"}],"author":[{"embeddable":true,"href":"https:\/\/global-exam.com\/blog\/wp-json\/wp\/v2\/users\/24"}],"replies":[{"embeddable":true,"href":"https:\/\/global-exam.com\/blog\/wp-json\/wp\/v2\/comments?post=47475"}],"version-history":[{"count":9,"href":"https:\/\/global-exam.com\/blog\/wp-json\/wp\/v2\/posts\/47475\/revisions"}],"predecessor-version":[{"id":67926,"href":"https:\/\/global-exam.com\/blog\/wp-json\/wp\/v2\/posts\/47475\/revisions\/67926"}],"wp:featuredmedia":[{"embeddable":true,"href":"https:\/\/global-exam.com\/blog\/wp-json\/wp\/v2\/media\/47519"}],"wp:attachment":[{"href":"https:\/\/global-exam.com\/blog\/wp-json\/wp\/v2\/media?parent=47475"}],"wp:term":[{"taxonomy":"category","embeddable":true,"href":"https:\/\/global-exam.com\/blog\/wp-json\/wp\/v2\/categories?post=47475"},{"taxonomy":"post_tag","embeddable":true,"href":"https:\/\/global-exam.com\/blog\/wp-json\/wp\/v2\/tags?post=47475"}],"curies":[{"name":"wp","href":"https:\/\/api.w.org\/{rel}","templated":true}]}}