{"id":6271,"date":"2017-04-27T00:00:00","date_gmt":"2017-04-26T22:00:00","guid":{"rendered":"https:\/\/global-exam.com\/blog\/blog\/aktiv-und-passiv-bright-deutsch\/"},"modified":"2021-08-06T11:33:09","modified_gmt":"2021-08-06T09:33:09","slug":"aktiv-und-passiv-bright-deutsch","status":"publish","type":"post","link":"https:\/\/global-exam.com\/blog\/de\/aktiv-und-passiv-bright-deutsch\/","title":{"rendered":"Bright Deutsch : Aktiv und Passiv"},"content":{"rendered":"<h1>Bright Deutsch : Aktiv und Passiv<\/h1>\n<h2><strong>Aktiv und Passiv<\/strong><\/h2>\n<p>Mithilfe des Passiv kann eine Handlung (Vorgangspassiv &#8211; was passiert?) oder ein Zustand (Zustandspassiv) betont werden. Der Verursacher des Zustands oder der Handlung ist dabei nebens\u00e4chlich, unwichtig, unbekannt oder als bekannt vorausgesetzt. Das bedeutet, dass es sich bei dem Passiv um eine Verbform handelt, bei der etwas mit dem Subjekt geschieht.<\/p>\n<p><u>Umwandlungsregeln von Aktiv in Vorgangspassiv:<\/u><\/p>\n<ul>\n<li>Das Akkusativobjekt wird zum Subjekt<\/li>\n<li>Das urspr\u00fcngliche Subjekt wird mit \u201cvon (+ Dativ)\u201d eingebunden oder ganz ausgelassen<\/li>\n<li>Konjugation des Verbs im Partizip II (zus\u00e4tzlich wird das Hilfsverb \u201cwerden\u201d in der entsprechend konjugierten Form ben\u00f6tigt)<\/li>\n<\/ul>\n<h3><strong>Vorgangspassiv<\/strong><\/h3>\n<table style=\"width: 624px;\" border=\"0\" cellspacing=\"0\" cellpadding=\"0\">\n<tbody>\n<tr>\n<td style=\"width: 123px;\"><strong><u>Zeit<\/u><\/strong><\/td>\n<td style=\"width: 210px;\"><strong><u>Aktiv<\/u><\/strong><\/td>\n<td style=\"width: 291px;\"><strong><u>Vorgangspassiv<\/u><\/strong><\/td>\n<\/tr>\n<tr>\n<td style=\"width: 123px;\">Pr\u00e4sens<\/td>\n<td style=\"width: 210px;\">Jemand verletzt den Mann.<\/td>\n<td style=\"width: 291px;\">Der Mann wird (von jemandem) verletzt.<\/td>\n<\/tr>\n<tr>\n<td style=\"width: 123px;\">Perfekt<\/td>\n<td style=\"width: 210px;\">Jemand hat den Mann verletzt.<\/td>\n<td style=\"width: 291px;\">Der Mann ist (von jemandem) verletzt worden.<\/td>\n<\/tr>\n<tr>\n<td style=\"width: 123px;\">Pr\u00e4teritum<\/td>\n<td style=\"width: 210px;\">Jemand verletzte den Mann.<\/td>\n<td style=\"width: 291px;\">Der Mann wurde (von jemandem) verletzt.<\/td>\n<\/tr>\n<tr>\n<td style=\"width: 123px;\">Plusquamperfekt<\/td>\n<td style=\"width: 210px;\">Jemand hatte den Mann verletzt.<\/td>\n<td style=\"width: 291px;\">Der Mann war (von jemandem) verletzt worden.<\/td>\n<\/tr>\n<tr>\n<td style=\"width: 123px;\">Futur I<\/td>\n<td style=\"width: 210px;\">Jemand wird den Mann verletzen.<\/td>\n<td style=\"width: 291px;\">Der Mann wird (von jemandem) verletzt werden.<\/td>\n<\/tr>\n<tr>\n<td style=\"width: 123px;\">Futur II<\/td>\n<td style=\"width: 210px;\">Jemand wird den Mann verletzt haben.<\/td>\n<td style=\"width: 291px;\">Der Mann wird (von jemandem) verletzt worden sein.<\/td>\n<\/tr>\n<\/tbody>\n<\/table>\n<p><u>Umwandlungsregeln von Aktiv in Zustandspassiv:<\/u><\/p>\n<ul>\n<li>Das Akkusativobjekt wird zum Subjekt<\/li>\n<li>Das urspr\u00fcngliche Subjekt wird mit \u201cvon (+ Dativ)\u201d eingebunden oder ganz ausgelassen<\/li>\n<li>Konjugation des Verbs im Partizip II (zus\u00e4tzlich wird das Hilfsverb \u201csein\u201d in der entsprechend konjugierten Form ben\u00f6tigt)<\/li>\n<\/ul>\n<h3><strong>Zustandspassiv<\/strong><\/h3>\n<p>Subjekt + Form von <em>sein<\/em> + Partizip II<\/p>\n<table style=\"width: 381px;\" border=\"0\" cellspacing=\"0\" cellpadding=\"0\">\n<tbody>\n<tr>\n<td style=\"width: 132px;\"><strong>Zeitform<\/strong><\/td>\n<td style=\"width: 249px;\"><strong>Beispielsatz im Zustandspassiv<\/strong><\/td>\n<\/tr>\n<tr>\n<td style=\"width: 132px;\">Pr\u00e4sens<\/td>\n<td style=\"width: 249px;\">Der Mann ist verletzt.<\/td>\n<\/tr>\n<tr>\n<td style=\"width: 132px;\">Perfekt<\/td>\n<td style=\"width: 249px;\">Der Mann ist verletzt gewesen.<\/td>\n<\/tr>\n<tr>\n<td style=\"width: 132px;\">Pr\u00e4teritum<\/td>\n<td style=\"width: 249px;\">Der Mann war verletzt.<\/td>\n<\/tr>\n<tr>\n<td style=\"width: 132px;\">Plusquamperfekt<\/td>\n<td style=\"width: 249px;\">Der Mann war verletzt gewesen.<\/td>\n<\/tr>\n<tr>\n<td style=\"width: 132px;\">Futur I<\/td>\n<td style=\"width: 249px;\">Der Mann wird verletzt sein.<\/td>\n<\/tr>\n<tr>\n<td style=\"width: 132px;\">Futur II<\/td>\n<td style=\"width: 249px;\">Der Mann wird verletzt gewesen sein.<\/td>\n<\/tr>\n<\/tbody>\n<\/table>\n","protected":false},"excerpt":{"rendered":"<p>Bright Deutsch : Aktiv und Passiv Aktiv und Passiv Mithilfe des Passiv kann eine Handlung (Vorgangspassiv &#8211; was passiert?) oder ein Zustand [&hellip;]<\/p>\n","protected":false},"author":1,"featured_media":0,"comment_status":"closed","ping_status":"closed","sticky":false,"template":"","format":"standard","meta":[],"categories":[4570],"tags":[],"acf":[],"yoast_head":"<!-- This site is optimized with the Yoast SEO plugin v17.2.1 - https:\/\/yoast.com\/wordpress\/plugins\/seo\/ -->\n<title>Bright Deutsch : Aktiv und Passiv<\/title>\n<meta name=\"description\" content=\"Aktiv und Passiv : ma\u00eetrisez\u00a0le BRIGHT Deutsch avec Global-Exam !\" \/>\n<meta name=\"robots\" content=\"index, follow, max-snippet:-1, max-image-preview:large, max-video-preview:-1\" \/>\n<link rel=\"canonical\" href=\"https:\/\/global-exam.com\/blog\/de\/aktiv-und-passiv-bright-deutsch\/\" \/>\n<meta property=\"og:locale\" content=\"fr_FR\" \/>\n<meta property=\"og:type\" content=\"article\" \/>\n<meta property=\"og:title\" content=\"Bright Deutsch : Aktiv und Passiv\" \/>\n<meta property=\"og:description\" content=\"Aktiv und Passiv : ma\u00eetrisez\u00a0le BRIGHT Deutsch avec Global-Exam !\" \/>\n<meta property=\"og:url\" content=\"https:\/\/global-exam.com\/blog\/de\/aktiv-und-passiv-bright-deutsch\/\" \/>\n<meta property=\"og:site_name\" content=\"GlobalExam Blog\" \/>\n<meta property=\"article:publisher\" content=\"https:\/\/www.facebook.com\/Global.Exam\" \/>\n<meta property=\"article:published_time\" content=\"2017-04-26T22:00:00+00:00\" \/>\n<meta property=\"article:modified_time\" content=\"2021-08-06T09:33:09+00:00\" \/>\n<meta name=\"twitter:card\" content=\"summary_large_image\" \/>\n<meta name=\"twitter:creator\" content=\"@Global_Exam\" \/>\n<meta name=\"twitter:site\" content=\"@Global_Exam\" \/>\n<meta name=\"twitter:label1\" content=\"\u00c9crit par\" \/>\n\t<meta name=\"twitter:data1\" content=\"admin\" \/>\n\t<meta name=\"twitter:label2\" content=\"Dur\u00e9e de lecture estim\u00e9e\" \/>\n\t<meta name=\"twitter:data2\" content=\"1 minute\" \/>\n<script type=\"application\/ld+json\" class=\"yoast-schema-graph\">{\"@context\":\"https:\/\/schema.org\",\"@graph\":[{\"@type\":\"WebSite\",\"@id\":\"https:\/\/global-exam.com\/blog\/#website\",\"url\":\"https:\/\/global-exam.com\/blog\/\",\"name\":\"GlobalExam Blog\",\"description\":\"Le blog du sp\\u00e9cialiste de la certification linguistique\",\"potentialAction\":[{\"@type\":\"SearchAction\",\"target\":{\"@type\":\"EntryPoint\",\"urlTemplate\":\"https:\/\/global-exam.com\/blog\/?s={search_term_string}\"},\"query-input\":\"required name=search_term_string\"}],\"inLanguage\":\"fr-FR\"},{\"@type\":\"WebPage\",\"@id\":\"https:\/\/global-exam.com\/blog\/de\/aktiv-und-passiv-bright-deutsch\/#webpage\",\"url\":\"https:\/\/global-exam.com\/blog\/de\/aktiv-und-passiv-bright-deutsch\/\",\"name\":\"Bright Deutsch : Aktiv und Passiv\",\"isPartOf\":{\"@id\":\"https:\/\/global-exam.com\/blog\/#website\"},\"datePublished\":\"2017-04-26T22:00:00+00:00\",\"dateModified\":\"2021-08-06T09:33:09+00:00\",\"author\":{\"@id\":\"https:\/\/global-exam.com\/blog\/#\/schema\/person\/50fc6f506fe496587b7789d5c174e99d\"},\"description\":\"Aktiv und Passiv : ma\\u00eetrisez\\u00a0le BRIGHT Deutsch avec Global-Exam !\",\"breadcrumb\":{\"@id\":\"https:\/\/global-exam.com\/blog\/de\/aktiv-und-passiv-bright-deutsch\/#breadcrumb\"},\"inLanguage\":\"fr-FR\",\"potentialAction\":[{\"@type\":\"ReadAction\",\"target\":[\"https:\/\/global-exam.com\/blog\/de\/aktiv-und-passiv-bright-deutsch\/\"]}]},{\"@type\":\"BreadcrumbList\",\"@id\":\"https:\/\/global-exam.com\/blog\/de\/aktiv-und-passiv-bright-deutsch\/#breadcrumb\",\"itemListElement\":[{\"@type\":\"ListItem\",\"position\":1,\"name\":\"Non class\\u00e9\",\"item\":\"https:\/\/global-exam.com\/blog\/de\/non-classe-de\/\"},{\"@type\":\"ListItem\",\"position\":2,\"name\":\"Bright Deutsch : Aktiv und Passiv\"}]},{\"@type\":\"Person\",\"@id\":\"https:\/\/global-exam.com\/blog\/#\/schema\/person\/50fc6f506fe496587b7789d5c174e99d\",\"name\":\"admin\",\"image\":{\"@type\":\"ImageObject\",\"@id\":\"https:\/\/global-exam.com\/blog\/#personlogo\",\"inLanguage\":\"fr-FR\",\"url\":\"https:\/\/secure.gravatar.com\/avatar\/e8e29f615098aa0e9a914985d7d7d546?s=96&d=mm&r=g\",\"contentUrl\":\"https:\/\/secure.gravatar.com\/avatar\/e8e29f615098aa0e9a914985d7d7d546?s=96&d=mm&r=g\",\"caption\":\"admin\"}}]}<\/script>\n<!-- \/ Yoast SEO plugin. -->","yoast_head_json":{"title":"Bright Deutsch : Aktiv und Passiv","description":"Aktiv und Passiv : ma\u00eetrisez\u00a0le BRIGHT Deutsch avec Global-Exam !","robots":{"index":"index","follow":"follow","max-snippet":"max-snippet:-1","max-image-preview":"max-image-preview:large","max-video-preview":"max-video-preview:-1"},"canonical":"https:\/\/global-exam.com\/blog\/de\/aktiv-und-passiv-bright-deutsch\/","og_locale":"fr_FR","og_type":"article","og_title":"Bright Deutsch : Aktiv und Passiv","og_description":"Aktiv und Passiv : ma\u00eetrisez\u00a0le BRIGHT Deutsch avec Global-Exam !","og_url":"https:\/\/global-exam.com\/blog\/de\/aktiv-und-passiv-bright-deutsch\/","og_site_name":"GlobalExam Blog","article_publisher":"https:\/\/www.facebook.com\/Global.Exam","article_published_time":"2017-04-26T22:00:00+00:00","article_modified_time":"2021-08-06T09:33:09+00:00","twitter_card":"summary_large_image","twitter_creator":"@Global_Exam","twitter_site":"@Global_Exam","twitter_misc":{"\u00c9crit par":"admin","Dur\u00e9e de lecture estim\u00e9e":"1 minute"},"schema":{"@context":"https:\/\/schema.org","@graph":[{"@type":"WebSite","@id":"https:\/\/global-exam.com\/blog\/#website","url":"https:\/\/global-exam.com\/blog\/","name":"GlobalExam Blog","description":"Le blog du sp\u00e9cialiste de la certification linguistique","potentialAction":[{"@type":"SearchAction","target":{"@type":"EntryPoint","urlTemplate":"https:\/\/global-exam.com\/blog\/?s={search_term_string}"},"query-input":"required name=search_term_string"}],"inLanguage":"fr-FR"},{"@type":"WebPage","@id":"https:\/\/global-exam.com\/blog\/de\/aktiv-und-passiv-bright-deutsch\/#webpage","url":"https:\/\/global-exam.com\/blog\/de\/aktiv-und-passiv-bright-deutsch\/","name":"Bright Deutsch : Aktiv und Passiv","isPartOf":{"@id":"https:\/\/global-exam.com\/blog\/#website"},"datePublished":"2017-04-26T22:00:00+00:00","dateModified":"2021-08-06T09:33:09+00:00","author":{"@id":"https:\/\/global-exam.com\/blog\/#\/schema\/person\/50fc6f506fe496587b7789d5c174e99d"},"description":"Aktiv und Passiv : ma\u00eetrisez\u00a0le BRIGHT Deutsch avec Global-Exam !","breadcrumb":{"@id":"https:\/\/global-exam.com\/blog\/de\/aktiv-und-passiv-bright-deutsch\/#breadcrumb"},"inLanguage":"fr-FR","potentialAction":[{"@type":"ReadAction","target":["https:\/\/global-exam.com\/blog\/de\/aktiv-und-passiv-bright-deutsch\/"]}]},{"@type":"BreadcrumbList","@id":"https:\/\/global-exam.com\/blog\/de\/aktiv-und-passiv-bright-deutsch\/#breadcrumb","itemListElement":[{"@type":"ListItem","position":1,"name":"Non class\u00e9","item":"https:\/\/global-exam.com\/blog\/de\/non-classe-de\/"},{"@type":"ListItem","position":2,"name":"Bright Deutsch : Aktiv und Passiv"}]},{"@type":"Person","@id":"https:\/\/global-exam.com\/blog\/#\/schema\/person\/50fc6f506fe496587b7789d5c174e99d","name":"admin","image":{"@type":"ImageObject","@id":"https:\/\/global-exam.com\/blog\/#personlogo","inLanguage":"fr-FR","url":"https:\/\/secure.gravatar.com\/avatar\/e8e29f615098aa0e9a914985d7d7d546?s=96&d=mm&r=g","contentUrl":"https:\/\/secure.gravatar.com\/avatar\/e8e29f615098aa0e9a914985d7d7d546?s=96&d=mm&r=g","caption":"admin"}}]}},"lang":"de","translations":{"de":6271},"pll_sync_post":[],"_links":{"self":[{"href":"https:\/\/global-exam.com\/blog\/wp-json\/wp\/v2\/posts\/6271"}],"collection":[{"href":"https:\/\/global-exam.com\/blog\/wp-json\/wp\/v2\/posts"}],"about":[{"href":"https:\/\/global-exam.com\/blog\/wp-json\/wp\/v2\/types\/post"}],"author":[{"embeddable":true,"href":"https:\/\/global-exam.com\/blog\/wp-json\/wp\/v2\/users\/1"}],"replies":[{"embeddable":true,"href":"https:\/\/global-exam.com\/blog\/wp-json\/wp\/v2\/comments?post=6271"}],"version-history":[{"count":2,"href":"https:\/\/global-exam.com\/blog\/wp-json\/wp\/v2\/posts\/6271\/revisions"}],"predecessor-version":[{"id":58608,"href":"https:\/\/global-exam.com\/blog\/wp-json\/wp\/v2\/posts\/6271\/revisions\/58608"}],"wp:attachment":[{"href":"https:\/\/global-exam.com\/blog\/wp-json\/wp\/v2\/media?parent=6271"}],"wp:term":[{"taxonomy":"category","embeddable":true,"href":"https:\/\/global-exam.com\/blog\/wp-json\/wp\/v2\/categories?post=6271"},{"taxonomy":"post_tag","embeddable":true,"href":"https:\/\/global-exam.com\/blog\/wp-json\/wp\/v2\/tags?post=6271"}],"curies":[{"name":"wp","href":"https:\/\/api.w.org\/{rel}","templated":true}]}}