{"id":6365,"date":"2017-06-13T00:00:00","date_gmt":"2017-06-12T22:00:00","guid":{"rendered":"https:\/\/global-exam.com\/blog\/blog\/le-passif\/"},"modified":"2022-08-26T14:41:22","modified_gmt":"2022-08-26T12:41:22","slug":"le-passif","status":"publish","type":"post","link":"https:\/\/global-exam.com\/blog\/fr\/le-passif\/","title":{"rendered":"La voie active et la voie passive"},"content":{"rendered":"<p><div class=\"fusion-fullwidth fullwidth-box fusion-builder-row-1 fusion-flex-container nonhundred-percent-fullwidth non-hundred-percent-height-scrolling\" style=\"background-color: rgba(255,255,255,0);background-position: center center;background-repeat: no-repeat;border-width: 0px 0px 0px 0px;border-color:#eae9e9;border-style:solid;\" ><div class=\"fusion-builder-row fusion-row fusion-flex-align-items-flex-start\" style=\"max-width:1456px;margin-left: calc(-4% \/ 2 );margin-right: calc(-4% \/ 2 );\"><div class=\"fusion-layout-column fusion_builder_column fusion-builder-column-0 fusion_builder_column_1_1 1_1 fusion-flex-column\"><div class=\"fusion-column-wrapper fusion-flex-justify-content-flex-start fusion-content-layout-column\" style=\"background-position:left top;background-repeat:no-repeat;-webkit-background-size:cover;-moz-background-size:cover;-o-background-size:cover;background-size:cover;padding: 0px 0px 0px 0px;\"><div class=\"fusion-text fusion-text-1\"><p>Gr\u00e2ce aux conseils de GlobalExam, d\u00e9couvrez <strong>la diff\u00e9rence entre la voix active et la voix passive<\/strong> et am\u00e9liorez ainsi votre niveau en langue fran\u00e7aise.<\/p>\n<p>Dans la langue fran\u00e7aise, une phrase peut \u00eatre construite \u00e0 la voix active ou \u00e0 la voix passive.<\/p>\n<p>Mais qu\u2019est-ce que cela signifie ?<\/p>\n<p>C\u2019est ce que vous allez d\u00e9couvrir \u00e0 la lecture de cet article.<\/p>\n<p>Au travers d\u2019exemples et d\u2019explications concr\u00e8tes, nous vous livrons ci-dessous un cours complet qui vous permettra d\u2019acqu\u00e9rir l\u2019ensemble des connaissances requises.<\/p>\n<p>Vous y apprendrez :<\/p>\n<ul>\n<li>Qu\u2019est-ce que la voix active<\/li>\n<li>Qu\u2019est-ce que la voix passive<\/li>\n<li>Comment formuler une phrase \u00e0 la voix active ou \u00e0 la voix passive<\/li>\n<li>Comment passer de l\u2019une \u00e0 l\u2019autre<\/li>\n<li>Quelles sont les exceptions \u00e0 la r\u00e8gle \u00e0 conna\u00eetre absolument<\/li>\n<\/ul>\n<p>Enfin, vous pourrez \u00e9galement tester votre niveau au travers de nos trois exercices corrig\u00e9s en fin de cet article.<\/p>\n<p>Allez, c\u2019est parti ! Rentrons directement dans le vif du sujet et d\u00e9couvrons comment les Fran\u00e7ais utilisent la voix active et la voix passive dans leur langage quotidien.<\/p>\n<\/div><\/div><style type=\"text\/css\">.fusion-body .fusion-builder-column-0{width:100% !important;margin-top : 0px;margin-bottom : 0px;}.fusion-builder-column-0 > .fusion-column-wrapper {padding-top : 0px !important;padding-right : 0px !important;margin-right : 1.92%;padding-bottom : 0px !important;padding-left : 0px !important;margin-left : 1.92%;}@media only screen and (max-width:1024px) {.fusion-body .fusion-builder-column-0{width:100% !important;}.fusion-builder-column-0 > .fusion-column-wrapper {margin-right : 1.92%;margin-left : 1.92%;}}@media only screen and (max-width:640px) {.fusion-body .fusion-builder-column-0{width:100% !important;}.fusion-builder-column-0 > .fusion-column-wrapper {margin-right : 1.92%;margin-left : 1.92%;}}<\/style><\/div><\/div><style type=\"text\/css\">.fusion-body .fusion-flex-container.fusion-builder-row-1{ padding-top : 0px;margin-top : 0px;padding-right : 0px;padding-bottom : 0px;margin-bottom : 0px;padding-left : 0px;}<\/style><\/div><div class=\"fusion-fullwidth fullwidth-box fusion-builder-row-2 fusion-flex-container nonhundred-percent-fullwidth non-hundred-percent-height-scrolling\" style=\"background-color: rgba(255,255,255,0);background-position: center center;background-repeat: no-repeat;border-width: 0px 0px 0px 0px;border-color:#eae9e9;border-style:solid;\" ><div class=\"fusion-builder-row fusion-row fusion-flex-align-items-flex-start\" style=\"max-width:1456px;margin-left: calc(-4% \/ 2 );margin-right: calc(-4% \/ 2 );\"><div class=\"fusion-layout-column fusion_builder_column fusion-builder-column-1 fusion_builder_column_1_1 1_1 fusion-flex-column\"><div class=\"fusion-column-wrapper fusion-flex-justify-content-flex-start fusion-content-layout-column\" style=\"background-position:left top;background-repeat:no-repeat;-webkit-background-size:cover;-moz-background-size:cover;-o-background-size:cover;background-size:cover;padding: 0px 0px 0px 0px;\"><div class=\"fusion-widget-area fusion-widget-area-1 fusion-content-widget-area\"><style type=\"text\/css\">.fusion-widget-area-1 {padding:0px 0px 0px 0px;}.fusion-widget-area-1 .widget h4 {color:#333333;}.fusion-widget-area-1 .widget .heading h4 {color:#333333;}.fusion-widget-area-1 .widget h4 {font-size:18px;}.fusion-widget-area-1 .widget .heading h4 {font-size:18px;}<\/style><div id=\"custom_html-449\" class=\"widget_text widget widget_custom_html\" style=\"border-style: solid;border-color:transparent;border-width:0px;\"><div class=\"textwidget custom-html-widget\"><div class=\"full-widget-flag\"><img class=\"widget-title-icon\" src=\"\/blog\/wp-content\/uploads\/2022\/06\/Trac-34.png\">OFFERT !<\/div>\r\n<div class=\"full-widget-content\">\r\n<h3 class=\"full-widget-title highlight\">\r\n<strong>T\u00e9l\u00e9charger votre guide gratuit<\/strong> de pr\u00e9paration au DELF\/DALF<\/h3>\r\n\t<div class=\"widget-cta\"><a href=\"\/blog\/fr\/ressources\/ebooks\/ebook-delf-dalf\/\" style=\"color: white !important; text-decoration: none !important;\">J'EN PROFITE !<\/a><\/div><\/div><\/div><\/div><div class=\"fusion-additional-widget-content\"><\/div><\/div><\/div><style type=\"text\/css\">.fusion-body .fusion-builder-column-1{width:100% !important;margin-top : 30px;margin-bottom : 60px;}.fusion-builder-column-1 > .fusion-column-wrapper {padding-top : 0px !important;padding-right : 0px !important;margin-right : 1.92%;padding-bottom : 0px !important;padding-left : 0px !important;margin-left : 1.92%;}@media only screen and (max-width:1024px) {.fusion-body .fusion-builder-column-1{width:100% !important;}.fusion-builder-column-1 > .fusion-column-wrapper {margin-right : 1.92%;margin-left : 1.92%;}}@media only screen and (max-width:640px) {.fusion-body .fusion-builder-column-1{width:100% !important;}.fusion-builder-column-1 > .fusion-column-wrapper {margin-right : 1.92%;margin-left : 1.92%;}}<\/style><\/div><\/div><style type=\"text\/css\">.fusion-body .fusion-flex-container.fusion-builder-row-2{ padding-top : 0px;margin-top : 0px;padding-right : 0px;padding-bottom : 0px;margin-bottom : 0px;padding-left : 0px;}<\/style><\/div><div class=\"fusion-fullwidth fullwidth-box fusion-builder-row-3 fusion-flex-container nonhundred-percent-fullwidth non-hundred-percent-height-scrolling\" style=\"background-color: rgba(255,255,255,0);background-position: center center;background-repeat: no-repeat;border-width: 0px 0px 0px 0px;border-color:#eae9e9;border-style:solid;\" ><div class=\"fusion-builder-row fusion-row fusion-flex-align-items-flex-start\" style=\"max-width:1456px;margin-left: calc(-4% \/ 2 );margin-right: calc(-4% \/ 2 );\"><div class=\"fusion-layout-column fusion_builder_column fusion-builder-column-2 fusion_builder_column_1_1 1_1 fusion-flex-column\"><div class=\"fusion-column-wrapper fusion-flex-justify-content-flex-start fusion-content-layout-column\" style=\"background-position:left top;background-repeat:no-repeat;-webkit-background-size:cover;-moz-background-size:cover;-o-background-size:cover;background-size:cover;padding: 0px 0px 0px 0px;\"><div class=\"fusion-text fusion-text-2\"><h2><a id=\"post-6365-_hn3gejpkxbbc\"><\/a><strong>La voix active<\/strong><\/h2>\n<p>On dit qu\u2019une phrase est \u00e0 la voix active, lorsque <strong>le sujet accomplit l&rsquo;action exprim\u00e9e par le verbe<\/strong>.<\/p>\n<p>Exemple : le garagiste r\u00e9pare la voiture<\/p>\n<p>Ici, c\u2019est bien le sujet &#8211; le garagiste &#8211; qui accomplit l\u2019action de r\u00e9parer la voiture.<\/p>\n<p>Cette phrase est donc exprim\u00e9e \u00e0 la voix active.<\/p>\n<p>Autres exemples de phrases \u00e0 la voix active :<\/p>\n\n<table id=\"tablepress-1761\" class=\"tablepress tablepress-id-1761\">\n<tbody class=\"row-hover\">\n<tr class=\"row-1 odd\">\n\t<td class=\"column-1\">Marie range sa chambre<\/td>\n<\/tr>\n<tr class=\"row-2 even\">\n\t<td class=\"column-1\">Le chien mange ses croquettes<\/td>\n<\/tr>\n<tr class=\"row-3 odd\">\n\t<td class=\"column-1\">Ce professeur enseigne le fran\u00e7ais \u00e0 ses \u00e9l\u00e8ves<\/td>\n<\/tr>\n<tr class=\"row-4 even\">\n\t<td class=\"column-1\">Ils remplissent le constat de l\u2019accident<\/td>\n<\/tr>\n<tr class=\"row-5 odd\">\n\t<td class=\"column-1\">Elle \u00e9coute la musique sur son nouveau tourne disque<\/td>\n<\/tr>\n<\/tbody>\n<\/table>\n\n<h2><a id=\"post-6365-_ofwgmv6tp8gc\"><\/a><strong>La voix passive <\/strong><\/h2>\n<p>La voix passive consiste \u00e0 \u201cretourner la phrase\u201d en pla\u00e7ant en premier le COD (compl\u00e9ment d\u2019objet direct) avant le verbe\u2026<\/p>\n<p>Ex : Les enfants que je vois dans la rue sont studieux<\/p>\n<p>Le sch\u00e9ma de construction de la phrase devient donc :<\/p>\n<p>Compl\u00e9ment + Sujet + Verbe<\/p>\n<p><strong>Autres exemples de phrases \u00e0 la forme passive <\/strong><\/p>\n<p>Une diminution du pouvoir d\u2019achat est constat\u00e9e<\/p>\n<p>Un nouveau syst\u00e8me solaire vient d\u2019\u00eatre d\u00e9couvert \u00e0 8 ann\u00e9es lumi\u00e8re de la terre<\/p>\n<p>Une nouvelle th\u00e9orie a \u00e9t\u00e9 propos\u00e9e pour expliquer les r\u00e9centes observations<\/p>\n<p>Des vestiges de l\u2019ancienne civilisation viennent d\u2019\u00eatre d\u00e9couverts \u00e0 10 m\u00e8tres de profondeur<\/p>\n<p>Le moteur a \u00e9t\u00e9 \u00e9teint par son constructeur<\/p>\n<p>Mon oncle a \u00e9t\u00e9 op\u00e9r\u00e9 de la cataracte<\/p>\n<p>Des v\u00e9hicules abandonn\u00e9s ont \u00e9t\u00e9 retrouv\u00e9s sur les bords de la route<\/p>\n<p>Une nouvelle voie est explor\u00e9e dans la recherche contre le cancer<\/p>\n<h2><a id=\"post-6365-_7v48f6w6kbdb\"><\/a><strong>Formation et utilisation <\/strong><\/h2>\n<p>Observez tout d\u2019abord que la voix passive permet de renforcer la pr\u00e9sence, l\u2019intensit\u00e9 du sujet :<\/p>\n<p>Ex : Un aigle a \u00e9t\u00e9 aper\u00e7u pr\u00e8s du chemin qui m\u00e8ne au village<\/p>\n<p>Une augmentation des prix a \u00e9t\u00e9 constat\u00e9e dans la majorit\u00e9 des d\u00e9partements<\/p>\n<p>Rappel :<\/p>\n<p>La voix active suit l\u2019ordre le plus imm\u00e9diat, le plus logique pour la place des mots avec le sch\u00e9ma suivant :<\/p>\n<p>Sujet + Verbe + Compl\u00e9ment<\/p>\n<p>Ex : Je vois des enfants studieux dans la rue.<\/p>\n<h3><a id=\"post-6365-_uome4fioco0c\"><\/a>Exceptions et cas \u00e0 conna\u00eetre dans l\u2019emploi de la voix passive<\/h3>\n<p>Maintenant que vous savez comment former et utiliser la forme passive, d\u00e9couvrons les quelques exceptions qui s\u2019appliquent \u00e0 la r\u00e8gle !<\/p>\n<h3><a id=\"post-6365-_vd4yliphc2r5\"><\/a>L&rsquo;auxiliaire <em>avoir<\/em> ne s\u2019utilise qu\u2019\u00e0 la voix active<\/h3>\n<p>En effet, on ne peut pas transformer l\u2019auxiliaire <em>avoir<\/em> \u00e0 la forme passive.<\/p>\n<p>Exemple:<\/p>\n<p>Voix active : Martine a une grande biblioth\u00e8que<\/p>\n<p>\u00c0 la voix passive, cela donnerait : Une grande biblioth\u00e8que <strong>est eu<\/strong> par Martine. Cela ne fonctionne pas !<\/p>\n<p>Gardez donc toujours \u00e0 l\u2019esprit que l\u2019auxiliaire <em>avoir<\/em> n\u2019a qu\u2019une seule voix et c\u2019est celle de la voix active.<\/p>\n<h3><\/h3>\n<h3><a id=\"post-6365-_4jq6vxyfpvsc\"><\/a>Ob\u00e9ir, d\u00e9sob\u00e9ir et pardonner<\/h3>\n<p>Vous savez \u00e0 pr\u00e9sent que seuls les verbes susceptibles de recevoir un COD peuvent se mettre \u00e0 la forme passive. On appelle ces verbes <strong>des verbes transitifs<\/strong>.<\/p>\n<p>\u00c0 contrario, <strong>les verbes intransitifs<\/strong> ne peuvent pas se mettre \u00e0 la forme passive sauf pour les <strong>trois exceptions<\/strong> suivantes : ob\u00e9ir, d\u00e9sob\u00e9ir et pardonner.<\/p>\n<p>Exemple :<\/p>\n<p>Voix active = Juliette pardonne \u00e0 son p\u00e8re<\/p>\n<p>Voix passive = Son p\u00e8re est pardonn\u00e9 par Juliette<\/p>\n<h3><a id=\"post-6365-_6w3ld6uyvsh1\"><\/a>Le sujet de la phrase est \u201con\u201d<\/h3>\n<p>Lorsque \u201con\u201d est le sujet de la phrase \u00e0 la voix active, il dispara\u00eet \u00e0 la voix passive et il n\u2019y a pas de compl\u00e9ment d\u2019agent.<\/p>\n<p>Exemple :<\/p>\n<p>Voix active = <strong>On<\/strong> chante ses louanges<\/p>\n<p>Voix passive = Ses louanges sont chant\u00e9es<\/p>\n<h3><a id=\"post-6365-_w79hnx6kjeta\"><\/a>Le sujet de la phrase est un pronom personnel<\/h3>\n<p>Lorsque le sujet de la phrase \u00e0 la voix active est <strong>un pronom personnel<\/strong>, il est tr\u00e8s difficile de le transformer \u00e0 la voix passive.<\/p>\n<p>Exemple :<\/p>\n<p>Voix active = J\u2019ai cass\u00e9 le bouton de la bouilloire<\/p>\n<p>Voix passive = Le bouton de la bouilloire a \u00e9t\u00e9 cass\u00e9 par je\/moi. Cette phrase est compr\u00e9hensible mais n\u2019est pas correcte au regard de la langue fran\u00e7aise.<\/p>\n<p>Autre exemple :<\/p>\n<p>Voix active = Il change de cha\u00eenes toutes les deux minutes<\/p>\n<p>Voix passive = Les cha\u00eenes sont chang\u00e9es toutes les deux minutes par il\/lui. Cet exemple est encore plus flagrant puisque la voix passive devient compl\u00e8tement incorrecte.<\/p>\n<p>Pr\u00e9f\u00e9rez donc garder une voix active ou transformer totalement votre phrase lorsque le sujet est un pronom personnel.<\/p>\n<h2><a id=\"post-6365-_hbk1p6d7sqz0\"><\/a><strong>Exercices pour apprendre \u00e0 utiliser la voix passive et active<\/strong><\/h2>\n<p><strong>Exercice 1 : Transformez les phrases suivantes de la voix active \u00e0 la voix passive<\/strong><\/p>\n<ol>\n<li>La fillette coiffe sa poup\u00e9e<\/li>\n<li>Annie pr\u00e9pare le d\u00eener<\/li>\n<li>Michel a cueilli des fleurs<\/li>\n<li>Des touristes grimpent le Mont Blanc chaque ann\u00e9e<\/li>\n<li>Paul a une collection de timbres<\/li>\n<\/ol>\n<p>R\u00e9ponses:<\/p>\n<ol>\n<li>La poup\u00e9e est coiff\u00e9e par la fillette<\/li>\n<li>Le d\u00eener est pr\u00e9par\u00e9 par Annie<\/li>\n<li>Des fleurs ont \u00e9t\u00e9 cueillies par Michel<\/li>\n<li>Chaque ann\u00e9e, le Mont Blanc est grimp\u00e9 par des touristes<\/li>\n<li><em>Attention ici : l\u2019auxiliaire avoir ne s\u2019utilise qu\u2019\u00e0 la voix active !<\/em><\/li>\n<\/ol>\n<p><strong>Exercice 2 : Transformez les phrases suivantes de la voix passive \u00e0 la voix active<\/strong><\/p>\n<ol>\n<li>Je suis aid\u00e9e par ma m\u00e8re<\/li>\n<li>Une maison est construite par ses parents<\/li>\n<li>La coupe du Monde a \u00e9t\u00e9 gagn\u00e9e par les bleus<\/li>\n<li>Le chien est caress\u00e9 par l\u2019enfant<\/li>\n<li>Le nutella recouvre la tartine<\/li>\n<\/ol>\n<p>R\u00e9ponses:<\/p>\n<ol>\n<li>Ma m\u00e8re m\u2019aide<\/li>\n<li>Ses parents construisent une maison<\/li>\n<li>Les Bleus ont gagn\u00e9 la coupe du Monde<\/li>\n<li>L\u2019enfant caresse le chien<\/li>\n<li>La tartine est recouverte de nutella<\/li>\n<\/ol>\n<p><strong>Exercice 3 : Compl\u00e9ter la phrase par la voix passive du verbe entre parenth\u00e8ses. Exemple : Je __________ (Je poursuis) par les verbes criminels fran\u00e7ais &gt; <em>je suis poursuivi.<\/em><\/strong><\/p>\n<ol>\n<li>Le feu __________ (a provoqu\u00e9) vers 2h30 par l&rsquo;un des 183 pensionnaires de l&rsquo;\u00e9tablissement.<\/li>\n<li>La t\u00e9l\u00e9alarme __________ (a d\u00e9clench\u00e9) par quelqu&rsquo;un<\/li>\n<li>Plus de 300 agents d&rsquo;EDF ___________ (ont mobilis\u00e9) pour r\u00e9tablir le courant.<\/li>\n<li>La voie __________ (aurait ferm\u00e9) plusieurs heures.<\/li>\n<li>Un bulletin de vigilance orange aux avalanches __________ (\u00e9mettra) pour la Savoie.<\/li>\n<li>Les voisins __________ (g\u00eanait) par le groupe d&rsquo;Erasmus qui faisait la f\u00eate !<\/li>\n<li>Les \u00e9l\u00e8ves __________ (pla\u00e7aient) par les professeurs pour le test, afin qu&rsquo;ils ne trichent pas.<\/li>\n<li>Les nouveaux \u00e9l\u00e8ves __________ (accepteraient) par les anciens \u00e9l\u00e8ves.<\/li>\n<li>L&rsquo;examen __________ (avait perturb\u00e9) par un \u00e9l\u00e8ve qui avait trop c\u00e9l\u00e9br\u00e9 son r\u00e9sultat la veille !<\/li>\n<li>Ces histoires __________ (racontaient) par les anciens \u00e9l\u00e8ves pour faire peur aux nouveaux.<\/li>\n<\/ol>\n<p>R\u00e9ponses:<\/p>\n<ol>\n<li>a \u00e9t\u00e9 provoqu\u00e9<\/li>\n<li>a \u00e9t\u00e9 d\u00e9clench\u00e9e<\/li>\n<li>ont \u00e9t\u00e9 mobilis\u00e9s<\/li>\n<li>aurait \u00e9t\u00e9 ferm\u00e9e<\/li>\n<li>sera \u00e9mis<\/li>\n<li>\u00e9taient g\u00ean\u00e9s<\/li>\n<li>\u00e9taient plac\u00e9s<\/li>\n<li>seraient accept\u00e9s<\/li>\n<li>avait \u00e9t\u00e9 perturb\u00e9<\/li>\n<li>\u00e9taient racont\u00e9es<\/li>\n<\/ol>\n<h2><a id=\"post-6365-_o4hjvfo6ue2f\"><\/a><strong>Apprendre le fran\u00e7ais avec GlobalExam<\/strong><\/h2>\n<p>D\u00e9couvrez d\u00e8s \u00e0 pr\u00e9sent les programmes personnalis\u00e9s con\u00e7us par GlobalExam. Quel que soit votre objectif, le passage d\u2019un examen (TCF, DELF, DALF) ou une remise \u00e0 niveau en fran\u00e7ais, vous pourrez vous exercer et progresser \u00e0 votre rythme.<\/p>\n<p>Vous trouverez sur notre plateforme des <strong>centaines d\u2019exercices avec corrig\u00e9s<\/strong>, des <strong>examens blancs<\/strong> qui vous permettront de vous mettre en situation r\u00e9elle et m\u00eame des <strong>coaching en vid\u00e9o<\/strong>. Vous choisissez le programme qui correspond \u00e0 vos besoins et nous nous occupons du reste.<\/p>\n<p>Apprendre une nouvelle langue ne se fait pas en un jour ! Cela demande de la <strong>patience<\/strong> et beaucoup de <strong>travail<\/strong>. En effet, les tests de langues requi\u00e8rent de la pratique. Construits sur un mod\u00e8le bien pr\u00e9cis, ils encha\u00eenent des modules (compr\u00e9hension \u00e9crite et orale, production \u00e9crite et orale) avec toujours la m\u00eame similarit\u00e9 dans le d\u00e9roul\u00e9. En vous entra\u00eenant r\u00e9guli\u00e8rement, vous habituerez votre cerveau et serez bien plus performant le jour de l&rsquo;examen. Vous saurez \u00e9galement d\u00e9jouer les <strong>questions pi\u00e8ges<\/strong> et r\u00e9pondrez \u00e0 chacune des questions avec plus de <strong>s\u00e9r\u00e9nit\u00e9<\/strong> et d\u2019<strong>efficacit\u00e9<\/strong>.<\/p>\n<p>Pour vous donner une id\u00e9e, les examens de fran\u00e7ais sont un peu comme celui du code de la route. C\u2019est en vous entra\u00eenant chaque jour que vous finissez par l\u2019obtenir.<\/p>\n<p>Dans ce type d\u2019examens, il peut parfois y avoir un d\u00e9calage entre les connaissances du candidat et ses comp\u00e9tences pour r\u00e9ussir l\u2019examen. Et encore une fois, tout est une question de pr\u00e9paration !<\/p>\n<p>Gr\u00e2ce \u00e0 notre \u00e9quipe d\u2019experts, vous avancerez donc en territoire connu et vous serez accompagn\u00e9 \u00e0 chacune des \u00e9tapes de votre apprentissage. En effet, vous trouverez sur notre plateforme <strong>un espace statistiques<\/strong> qui vous permettra de conna\u00eetre <strong>vos progr\u00e8s <\/strong>en temps r\u00e9el et de relever <strong>vos points forts<\/strong> et <strong>vos points faibles<\/strong>. Bref, tout a \u00e9t\u00e9 pens\u00e9 pour vous faciliter la t\u00e2che.<\/p>\n<p>N\u2019h\u00e9sitez pas non plus \u00e0 consulter tous <strong>les articles de notre blog<\/strong>, vous y d\u00e9couvrirez une mine d&rsquo;informations sur les examens, mais \u00e9galement sur la langue fran\u00e7aise !<\/p>\n<p>Alors ne restez pas seul et laissez-nous <strong>vous guider<\/strong> dans cette grande aventure. Commencez par <a href=\"https:\/\/globalexam.training\/fr\/register\">tester votre niveau de fran\u00e7ais gratuitement<\/a> !<\/p>\n<\/div><\/div><style type=\"text\/css\">.fusion-body .fusion-builder-column-2{width:100% !important;margin-top : 0px;margin-bottom : 0px;}.fusion-builder-column-2 > .fusion-column-wrapper {padding-top : 0px !important;padding-right : 0px !important;margin-right : 1.92%;padding-bottom : 0px !important;padding-left : 0px !important;margin-left : 1.92%;}@media only screen and (max-width:1024px) {.fusion-body .fusion-builder-column-2{width:100% !important;}.fusion-builder-column-2 > .fusion-column-wrapper {margin-right : 1.92%;margin-left : 1.92%;}}@media only screen and (max-width:640px) {.fusion-body .fusion-builder-column-2{width:100% !important;}.fusion-builder-column-2 > .fusion-column-wrapper {margin-right : 1.92%;margin-left : 1.92%;}}<\/style><\/div><\/div><style type=\"text\/css\">.fusion-body .fusion-flex-container.fusion-builder-row-3{ padding-top : 0px;margin-top : 0px;padding-right : 0px;padding-bottom : 0px;margin-bottom : 0px;padding-left : 0px;}<\/style><\/div><\/p>\n","protected":false},"excerpt":{"rendered":"","protected":false},"author":1,"featured_media":0,"comment_status":"closed","ping_status":"closed","sticky":false,"template":"","format":"standard","meta":[],"categories":[1825],"tags":[],"acf":[],"yoast_head":"<!-- This site is optimized with the Yoast SEO plugin v17.2.1 - https:\/\/yoast.com\/wordpress\/plugins\/seo\/ -->\n<title>DELF - Le passif<\/title>\n<meta name=\"description\" content=\"Global Exam vous informe sur le passif.\" \/>\n<meta name=\"robots\" content=\"index, follow, max-snippet:-1, max-image-preview:large, max-video-preview:-1\" \/>\n<link rel=\"canonical\" href=\"https:\/\/global-exam.com\/blog\/fr\/le-passif\/\" \/>\n<meta property=\"og:locale\" content=\"fr_FR\" \/>\n<meta property=\"og:type\" content=\"article\" \/>\n<meta property=\"og:title\" content=\"DELF - Le passif\" \/>\n<meta property=\"og:description\" content=\"Global Exam vous informe sur le passif.\" \/>\n<meta property=\"og:url\" content=\"https:\/\/global-exam.com\/blog\/fr\/le-passif\/\" \/>\n<meta property=\"og:site_name\" content=\"GlobalExam Blog\" \/>\n<meta property=\"article:publisher\" content=\"https:\/\/www.facebook.com\/Global.Exam\" \/>\n<meta property=\"article:published_time\" content=\"2017-06-12T22:00:00+00:00\" \/>\n<meta property=\"article:modified_time\" content=\"2022-08-26T12:41:22+00:00\" \/>\n<meta name=\"twitter:card\" content=\"summary_large_image\" \/>\n<meta name=\"twitter:creator\" content=\"@Global_Exam\" \/>\n<meta name=\"twitter:site\" content=\"@Global_Exam\" \/>\n<meta name=\"twitter:label1\" content=\"\u00c9crit par\" \/>\n\t<meta name=\"twitter:data1\" content=\"admin\" \/>\n\t<meta name=\"twitter:label2\" content=\"Dur\u00e9e de lecture estim\u00e9e\" \/>\n\t<meta name=\"twitter:data2\" content=\"8 minutes\" \/>\n<script type=\"application\/ld+json\" class=\"yoast-schema-graph\">{\"@context\":\"https:\/\/schema.org\",\"@graph\":[{\"@type\":\"WebSite\",\"@id\":\"https:\/\/global-exam.com\/blog\/#website\",\"url\":\"https:\/\/global-exam.com\/blog\/\",\"name\":\"GlobalExam Blog\",\"description\":\"Le blog du sp\\u00e9cialiste de la certification linguistique\",\"potentialAction\":[{\"@type\":\"SearchAction\",\"target\":{\"@type\":\"EntryPoint\",\"urlTemplate\":\"https:\/\/global-exam.com\/blog\/?s={search_term_string}\"},\"query-input\":\"required name=search_term_string\"}],\"inLanguage\":\"fr-FR\"},{\"@type\":\"WebPage\",\"@id\":\"https:\/\/global-exam.com\/blog\/fr\/le-passif\/#webpage\",\"url\":\"https:\/\/global-exam.com\/blog\/fr\/le-passif\/\",\"name\":\"DELF - Le passif\",\"isPartOf\":{\"@id\":\"https:\/\/global-exam.com\/blog\/#website\"},\"datePublished\":\"2017-06-12T22:00:00+00:00\",\"dateModified\":\"2022-08-26T12:41:22+00:00\",\"author\":{\"@id\":\"https:\/\/global-exam.com\/blog\/#\/schema\/person\/50fc6f506fe496587b7789d5c174e99d\"},\"description\":\"Global Exam vous informe sur le passif.\",\"breadcrumb\":{\"@id\":\"https:\/\/global-exam.com\/blog\/fr\/le-passif\/#breadcrumb\"},\"inLanguage\":\"fr-FR\",\"potentialAction\":[{\"@type\":\"ReadAction\",\"target\":[\"https:\/\/global-exam.com\/blog\/fr\/le-passif\/\"]}]},{\"@type\":\"BreadcrumbList\",\"@id\":\"https:\/\/global-exam.com\/blog\/fr\/le-passif\/#breadcrumb\",\"itemListElement\":[{\"@type\":\"ListItem\",\"position\":1,\"name\":\"DELF\",\"item\":\"https:\/\/global-exam.com\/blog\/fr\/examens\/delf\/\"},{\"@type\":\"ListItem\",\"position\":2,\"name\":\"Vocabulaire DELF\",\"item\":\"https:\/\/global-exam.com\/blog\/fr\/examens\/delf\/categorie-vocabulaire-delf\/\"},{\"@type\":\"ListItem\",\"position\":3,\"name\":\"La voie active et la voie passive\"}]},{\"@type\":\"Person\",\"@id\":\"https:\/\/global-exam.com\/blog\/#\/schema\/person\/50fc6f506fe496587b7789d5c174e99d\",\"name\":\"admin\",\"image\":{\"@type\":\"ImageObject\",\"@id\":\"https:\/\/global-exam.com\/blog\/#personlogo\",\"inLanguage\":\"fr-FR\",\"url\":\"https:\/\/secure.gravatar.com\/avatar\/e8e29f615098aa0e9a914985d7d7d546?s=96&d=mm&r=g\",\"contentUrl\":\"https:\/\/secure.gravatar.com\/avatar\/e8e29f615098aa0e9a914985d7d7d546?s=96&d=mm&r=g\",\"caption\":\"admin\"}}]}<\/script>\n<!-- \/ Yoast SEO plugin. -->","yoast_head_json":{"title":"DELF - Le passif","description":"Global Exam vous informe sur le passif.","robots":{"index":"index","follow":"follow","max-snippet":"max-snippet:-1","max-image-preview":"max-image-preview:large","max-video-preview":"max-video-preview:-1"},"canonical":"https:\/\/global-exam.com\/blog\/fr\/le-passif\/","og_locale":"fr_FR","og_type":"article","og_title":"DELF - Le passif","og_description":"Global Exam vous informe sur le passif.","og_url":"https:\/\/global-exam.com\/blog\/fr\/le-passif\/","og_site_name":"GlobalExam Blog","article_publisher":"https:\/\/www.facebook.com\/Global.Exam","article_published_time":"2017-06-12T22:00:00+00:00","article_modified_time":"2022-08-26T12:41:22+00:00","twitter_card":"summary_large_image","twitter_creator":"@Global_Exam","twitter_site":"@Global_Exam","twitter_misc":{"\u00c9crit par":"admin","Dur\u00e9e de lecture estim\u00e9e":"8 minutes"},"schema":{"@context":"https:\/\/schema.org","@graph":[{"@type":"WebSite","@id":"https:\/\/global-exam.com\/blog\/#website","url":"https:\/\/global-exam.com\/blog\/","name":"GlobalExam Blog","description":"Le blog du sp\u00e9cialiste de la certification linguistique","potentialAction":[{"@type":"SearchAction","target":{"@type":"EntryPoint","urlTemplate":"https:\/\/global-exam.com\/blog\/?s={search_term_string}"},"query-input":"required name=search_term_string"}],"inLanguage":"fr-FR"},{"@type":"WebPage","@id":"https:\/\/global-exam.com\/blog\/fr\/le-passif\/#webpage","url":"https:\/\/global-exam.com\/blog\/fr\/le-passif\/","name":"DELF - Le passif","isPartOf":{"@id":"https:\/\/global-exam.com\/blog\/#website"},"datePublished":"2017-06-12T22:00:00+00:00","dateModified":"2022-08-26T12:41:22+00:00","author":{"@id":"https:\/\/global-exam.com\/blog\/#\/schema\/person\/50fc6f506fe496587b7789d5c174e99d"},"description":"Global Exam vous informe sur le passif.","breadcrumb":{"@id":"https:\/\/global-exam.com\/blog\/fr\/le-passif\/#breadcrumb"},"inLanguage":"fr-FR","potentialAction":[{"@type":"ReadAction","target":["https:\/\/global-exam.com\/blog\/fr\/le-passif\/"]}]},{"@type":"BreadcrumbList","@id":"https:\/\/global-exam.com\/blog\/fr\/le-passif\/#breadcrumb","itemListElement":[{"@type":"ListItem","position":1,"name":"DELF","item":"https:\/\/global-exam.com\/blog\/fr\/examens\/delf\/"},{"@type":"ListItem","position":2,"name":"Vocabulaire DELF","item":"https:\/\/global-exam.com\/blog\/fr\/examens\/delf\/categorie-vocabulaire-delf\/"},{"@type":"ListItem","position":3,"name":"La voie active et la voie passive"}]},{"@type":"Person","@id":"https:\/\/global-exam.com\/blog\/#\/schema\/person\/50fc6f506fe496587b7789d5c174e99d","name":"admin","image":{"@type":"ImageObject","@id":"https:\/\/global-exam.com\/blog\/#personlogo","inLanguage":"fr-FR","url":"https:\/\/secure.gravatar.com\/avatar\/e8e29f615098aa0e9a914985d7d7d546?s=96&d=mm&r=g","contentUrl":"https:\/\/secure.gravatar.com\/avatar\/e8e29f615098aa0e9a914985d7d7d546?s=96&d=mm&r=g","caption":"admin"}}]}},"lang":"fr","translations":{"fr":6365},"pll_sync_post":[],"_links":{"self":[{"href":"https:\/\/global-exam.com\/blog\/wp-json\/wp\/v2\/posts\/6365"}],"collection":[{"href":"https:\/\/global-exam.com\/blog\/wp-json\/wp\/v2\/posts"}],"about":[{"href":"https:\/\/global-exam.com\/blog\/wp-json\/wp\/v2\/types\/post"}],"author":[{"embeddable":true,"href":"https:\/\/global-exam.com\/blog\/wp-json\/wp\/v2\/users\/1"}],"replies":[{"embeddable":true,"href":"https:\/\/global-exam.com\/blog\/wp-json\/wp\/v2\/comments?post=6365"}],"version-history":[{"count":6,"href":"https:\/\/global-exam.com\/blog\/wp-json\/wp\/v2\/posts\/6365\/revisions"}],"predecessor-version":[{"id":78868,"href":"https:\/\/global-exam.com\/blog\/wp-json\/wp\/v2\/posts\/6365\/revisions\/78868"}],"wp:attachment":[{"href":"https:\/\/global-exam.com\/blog\/wp-json\/wp\/v2\/media?parent=6365"}],"wp:term":[{"taxonomy":"category","embeddable":true,"href":"https:\/\/global-exam.com\/blog\/wp-json\/wp\/v2\/categories?post=6365"},{"taxonomy":"post_tag","embeddable":true,"href":"https:\/\/global-exam.com\/blog\/wp-json\/wp\/v2\/tags?post=6365"}],"curies":[{"name":"wp","href":"https:\/\/api.w.org\/{rel}","templated":true}]}}