{"id":6395,"date":"2017-06-23T00:00:00","date_gmt":"2017-06-22T22:00:00","guid":{"rendered":"https:\/\/global-exam.com\/blog\/blog\/dele-utiliser-le-verbe-tener-pour-parler-de-la-famille-et-de-la-douleur\/"},"modified":"2022-08-24T15:01:41","modified_gmt":"2022-08-24T13:01:41","slug":"dele-utiliser-le-verbe-tener-pour-parler-de-la-famille-et-de-la-douleur","status":"publish","type":"post","link":"https:\/\/global-exam.com\/blog\/fr\/dele-utiliser-le-verbe-tener-pour-parler-de-la-famille-et-de-la-douleur\/","title":{"rendered":"Parler de la famille et de la maison en espagnol"},"content":{"rendered":"<p><div class=\"fusion-fullwidth fullwidth-box fusion-builder-row-1 fusion-flex-container nonhundred-percent-fullwidth non-hundred-percent-height-scrolling\" style=\"background-color: rgba(255,255,255,0);background-position: center center;background-repeat: no-repeat;border-width: 0px 0px 0px 0px;border-color:#eae9e9;border-style:solid;\" ><div class=\"fusion-builder-row fusion-row fusion-flex-align-items-flex-start\" style=\"max-width:1456px;margin-left: calc(-4% \/ 2 );margin-right: calc(-4% \/ 2 );\"><div class=\"fusion-layout-column fusion_builder_column fusion-builder-column-0 fusion_builder_column_1_1 1_1 fusion-flex-column\"><div class=\"fusion-column-wrapper fusion-flex-justify-content-flex-start fusion-content-layout-column\" style=\"background-position:left top;background-repeat:no-repeat;-webkit-background-size:cover;-moz-background-size:cover;-o-background-size:cover;background-size:cover;padding: 0px 0px 0px 0px;\"><div class=\"fusion-text fusion-text-1\"><p>Avec cet article, vous pourrez trouver des mots de vocabulaire sur le th\u00e8me de la maison et de la famille en espagnol.<\/p>\n<p>Au sommaire :<\/p>\n<ul>\n<li><strong>Le vocabulaire de la famille<\/strong><\/li>\n<li><strong>Le vocabulaire de la maison<\/strong><\/li>\n<li><strong>Apprendre du vocabulaire espagnol avec GlobalExam<\/strong><\/li>\n<\/ul>\n<p>Pr\u00eat pour en savoir plus ? Alors lisez ce qui suit !<\/p>\n<\/div><\/div><style type=\"text\/css\">.fusion-body .fusion-builder-column-0{width:100% !important;margin-top : 0px;margin-bottom : 0px;}.fusion-builder-column-0 > .fusion-column-wrapper {padding-top : 0px !important;padding-right : 0px !important;margin-right : 1.92%;padding-bottom : 0px !important;padding-left : 0px !important;margin-left : 1.92%;}@media only screen and (max-width:1024px) {.fusion-body .fusion-builder-column-0{width:100% !important;}.fusion-builder-column-0 > .fusion-column-wrapper {margin-right : 1.92%;margin-left : 1.92%;}}@media only screen and (max-width:640px) {.fusion-body .fusion-builder-column-0{width:100% !important;}.fusion-builder-column-0 > .fusion-column-wrapper {margin-right : 1.92%;margin-left : 1.92%;}}<\/style><\/div><\/div><style type=\"text\/css\">.fusion-body .fusion-flex-container.fusion-builder-row-1{ padding-top : 0px;margin-top : 0px;padding-right : 0px;padding-bottom : 0px;margin-bottom : 0px;padding-left : 0px;}<\/style><\/div><div class=\"fusion-fullwidth fullwidth-box fusion-builder-row-2 fusion-flex-container nonhundred-percent-fullwidth non-hundred-percent-height-scrolling\" style=\"background-color: rgba(255,255,255,0);background-position: center center;background-repeat: no-repeat;border-width: 0px 0px 0px 0px;border-color:#eae9e9;border-style:solid;\" ><div class=\"fusion-builder-row fusion-row fusion-flex-align-items-flex-start\" style=\"max-width:1456px;margin-left: calc(-4% \/ 2 );margin-right: calc(-4% \/ 2 );\"><div class=\"fusion-layout-column fusion_builder_column fusion-builder-column-1 fusion_builder_column_1_1 1_1 fusion-flex-column\"><div class=\"fusion-column-wrapper fusion-flex-justify-content-flex-start fusion-content-layout-column\" style=\"background-position:left top;background-repeat:no-repeat;-webkit-background-size:cover;-moz-background-size:cover;-o-background-size:cover;background-size:cover;padding: 0px 0px 0px 0px;\"><div class=\"fusion-widget-area fusion-widget-area-1 fusion-content-widget-area\"><style type=\"text\/css\">.fusion-widget-area-1 {padding:0px 0px 0px 0px;}.fusion-widget-area-1 .widget h4 {color:#333333;}.fusion-widget-area-1 .widget .heading h4 {color:#333333;}.fusion-widget-area-1 .widget h4 {font-size:18px;}.fusion-widget-area-1 .widget .heading h4 {font-size:18px;}<\/style><div id=\"custom_html-454\" class=\"widget_text widget widget_custom_html\" style=\"border-style: solid;border-color:transparent;border-width:0px;\"><div class=\"textwidget custom-html-widget\"><div class=\"full-widget-flag\"><img class=\"widget-title-icon\" src=\"\/blog\/wp-content\/uploads\/2022\/06\/Trac-34.png\">OFFERT !<\/div>\r\n<div class=\"full-widget-content\">\r\n<h3 class=\"full-widget-title highlight\">\r\n<strong>T\u00e9l\u00e9charger votre guide gratuit<\/strong> de pr\u00e9paration au DELE<\/h3>\r\n\t<div class=\"widget-cta\"><a href=\"\/blog\/fr\/ressources\/ebooks\/ebook-dele\/\" style=\"color: white !important; text-decoration: none !important;\">J'EN PROFITE !<\/a><\/div><\/div><\/div><\/div><div class=\"fusion-additional-widget-content\"><\/div><\/div><\/div><style type=\"text\/css\">.fusion-body .fusion-builder-column-1{width:100% !important;margin-top : 0px;margin-bottom : 0px;}.fusion-builder-column-1 > .fusion-column-wrapper {padding-top : 0px !important;padding-right : 0px !important;margin-right : 1.92%;padding-bottom : 0px !important;padding-left : 0px !important;margin-left : 1.92%;}@media only screen and (max-width:1024px) {.fusion-body .fusion-builder-column-1{width:100% !important;}.fusion-builder-column-1 > .fusion-column-wrapper {margin-right : 1.92%;margin-left : 1.92%;}}@media only screen and (max-width:640px) {.fusion-body .fusion-builder-column-1{width:100% !important;}.fusion-builder-column-1 > .fusion-column-wrapper {margin-right : 1.92%;margin-left : 1.92%;}}<\/style><\/div><\/div><style type=\"text\/css\">.fusion-body .fusion-flex-container.fusion-builder-row-2{ padding-top : 0px;margin-top : 0px;padding-right : 0px;padding-bottom : 0px;margin-bottom : 0px;padding-left : 0px;}<\/style><\/div><div class=\"fusion-fullwidth fullwidth-box fusion-builder-row-3 fusion-flex-container nonhundred-percent-fullwidth non-hundred-percent-height-scrolling\" style=\"background-color: rgba(255,255,255,0);background-position: center center;background-repeat: no-repeat;border-width: 0px 0px 0px 0px;border-color:#eae9e9;border-style:solid;\" ><div class=\"fusion-builder-row fusion-row fusion-flex-align-items-flex-start\" style=\"max-width:1456px;margin-left: calc(-4% \/ 2 );margin-right: calc(-4% \/ 2 );\"><div class=\"fusion-layout-column fusion_builder_column fusion-builder-column-2 fusion_builder_column_1_1 1_1 fusion-flex-column\"><div class=\"fusion-column-wrapper fusion-flex-justify-content-flex-start fusion-content-layout-column\" style=\"background-position:left top;background-repeat:no-repeat;-webkit-background-size:cover;-moz-background-size:cover;-o-background-size:cover;background-size:cover;padding: 0px 0px 0px 0px;\"><div class=\"fusion-text fusion-text-2\"><h2>Le vocabulaire de la famille<\/h2>\n\n<table id=\"tablepress-2272\" class=\"tablepress tablepress-id-2272\">\n<thead>\n<tr class=\"row-1 odd\">\n\t<th class=\"column-1\">La familia<\/th><th class=\"column-2\">La famille<\/th>\n<\/tr>\n<\/thead>\n<tbody class=\"row-hover\">\n<tr class=\"row-2 even\">\n\t<td class=\"column-1\">El abuelo+ la abuela = los abuelos<\/td><td class=\"column-2\">Le grand-pe\u0300re + la grande \u2013 me\u0300re =<br \/>\nLes grands parents<\/td>\n<\/tr>\n<tr class=\"row-3 odd\">\n\t<td class=\"column-1\">El padre + la madre = los padres<\/td><td class=\"column-2\">Le pe\u0300re + la me\u0300re = les parents<\/td>\n<\/tr>\n<tr class=\"row-4 even\">\n\t<td class=\"column-1\">El hijo + la hija= los hijos<\/td><td class=\"column-2\">Le fils + la fille = les enfants<\/td>\n<\/tr>\n<tr class=\"row-5 odd\">\n\t<td class=\"column-1\">El hermano + la hermana = los hermanos<\/td><td class=\"column-2\">Le fre\u0300re + la s\u0153ur = les fre\u0300res<\/td>\n<\/tr>\n<tr class=\"row-6 even\">\n\t<td class=\"column-1\">El primo + la prima = los primos<\/td><td class=\"column-2\">Le cousin + la cousine = les cousins<\/td>\n<\/tr>\n<tr class=\"row-7 odd\">\n\t<td class=\"column-1\">El nieto + la nieta = los nietos<\/td><td class=\"column-2\">Le petit fils+ la petite fille= les petits enfants<\/td>\n<\/tr>\n<tr class=\"row-8 even\">\n\t<td class=\"column-1\">El esposo + la esposa = los esposos<\/td><td class=\"column-2\">L\u2019e\u0301poux + la e\u0301pouse= les e\u0301poux Le mari + la femme = les e\u0301poux<\/td>\n<\/tr>\n<tr class=\"row-9 odd\">\n\t<td class=\"column-1\">El ti\u0301o + la ti\u0301a= los ti\u0301os.<\/td><td class=\"column-2\">L\u2019oncle + la tante= les oncles<\/td>\n<\/tr>\n<tr class=\"row-10 even\">\n\t<td class=\"column-1\">El sobrino + la sobrina = los sobrinos<\/td><td class=\"column-2\">Le neveu + la nie\u0300ce= les neveux<\/td>\n<\/tr>\n<tr class=\"row-11 odd\">\n\t<td class=\"column-1\">El novio + la novia= los novios<\/td><td class=\"column-2\">Le fiance\u0301+ la fiance\u0301e= les fiance\u0301s<\/td>\n<\/tr>\n<tr class=\"row-12 even\">\n\t<td class=\"column-1\">El padrino + la madrina= los padrinos<\/td><td class=\"column-2\">Le parrain +la marraine = les parrains<\/td>\n<\/tr>\n<tr class=\"row-13 odd\">\n\t<td class=\"column-1\">El ahijado+ la ahijada= los ahijados<\/td><td class=\"column-2\">Le filleul+ la filleule= les filleuls<\/td>\n<\/tr>\n<tr class=\"row-14 even\">\n\t<td class=\"column-1\">Expresiones con ser<\/td><td class=\"column-2\">Les expressions avec \u201cser\u201d.<\/td>\n<\/tr>\n<tr class=\"row-15 odd\">\n\t<td class=\"column-1\">El mayor \/ la mayor<\/td><td class=\"column-2\">E\u0302tre l\u2019aine\u0301\/ l\u2019aine\u0301e.<\/td>\n<\/tr>\n<tr class=\"row-16 even\">\n\t<td class=\"column-1\">El menor \/ la menor<\/td><td class=\"column-2\">E\u0302tre le cadet\/ la cadette<\/td>\n<\/tr>\n<tr class=\"row-17 odd\">\n\t<td class=\"column-1\">Gemelo<\/td><td class=\"column-2\">E\u0302tre de jumeaux<\/td>\n<\/tr>\n<tr class=\"row-18 even\">\n\t<td class=\"column-1\">Hijo u\u0301nico \/ hija u\u0301nica<\/td><td class=\"column-2\">Etre fils ou fille unique<\/td>\n<\/tr>\n<\/tbody>\n<\/table>\n\n<h3><a id=\"post-6395-_za1d5jfbuwv2\"><\/a>Exemples de phrases<\/h3>\n<ul>\n<li>El pastor que adoptar\u00e1 y crecer\u00e1 <strong>los gemelos, <\/strong>y de Marte, el dios que los hab\u00eda engendrado junt\u00e1ndose con la vestal Rea Silvia.<\/li>\n<li><strong>Prima<\/strong> de Francisco y Jacinta, Luc\u00eda fue la menor de siete hermanos y la mayor de los tres pastorcitos.<\/li>\n<li>Es com\u00fan que un ind\u00edgena pida a un negro ser e<strong>l padrino <\/strong>de su hijo, sellando as\u00ed una relaci\u00f3n de &lsquo;compadrazgo&rsquo;<\/li>\n<\/ul>\n<h3><a id=\"post-6395-_n66s3p1bhl3\"><\/a>Les \u00e9v\u00e9nements de la vie familiale<\/h3>\n\n<table id=\"tablepress-2273\" class=\"tablepress tablepress-id-2273\">\n<thead>\n<tr class=\"row-1 odd\">\n\t<th class=\"column-1\">Espagnol<\/th><th class=\"column-2\">Fran\u00e7ais<\/th>\n<\/tr>\n<\/thead>\n<tbody class=\"row-hover\">\n<tr class=\"row-2 even\">\n\t<td class=\"column-1\">Boda<\/td><td class=\"column-2\">Noce\/Mariage<\/td>\n<\/tr>\n<tr class=\"row-3 odd\">\n\t<td class=\"column-1\">Casarse<\/td><td class=\"column-2\">Se marier<\/td>\n<\/tr>\n<tr class=\"row-4 even\">\n\t<td class=\"column-1\">Compromiso<\/td><td class=\"column-2\">Engagement\/Promesse<\/td>\n<\/tr>\n<tr class=\"row-5 odd\">\n\t<td class=\"column-1\">Dama de honor<\/td><td class=\"column-2\">Dame d'honneur<\/td>\n<\/tr>\n<tr class=\"row-6 even\">\n\t<td class=\"column-1\">Los muertos<\/td><td class=\"column-2\">Les morts<\/td>\n<\/tr>\n<tr class=\"row-7 odd\">\n\t<td class=\"column-1\">Los difuntos<\/td><td class=\"column-2\">Les d\u00e9funts<\/td>\n<\/tr>\n<tr class=\"row-8 even\">\n\t<td class=\"column-1\">La muerte<\/td><td class=\"column-2\">La mort<\/td>\n<\/tr>\n<tr class=\"row-9 odd\">\n\t<td class=\"column-1\">El ritual<\/td><td class=\"column-2\">Le rituel<\/td>\n<\/tr>\n<tr class=\"row-10 even\">\n\t<td class=\"column-1\">La tumba<\/td><td class=\"column-2\">La tombe<\/td>\n<\/tr>\n<tr class=\"row-11 odd\">\n\t<td class=\"column-1\">Divorciarse<\/td><td class=\"column-2\">Divorcer<\/td>\n<\/tr>\n<tr class=\"row-12 even\">\n\t<td class=\"column-1\">Una petici\u00f3n de divorcio<\/td><td class=\"column-2\">Une demande de divorce<\/td>\n<\/tr>\n<tr class=\"row-13 odd\">\n\t<td class=\"column-1\">Tramitar un divorcio<\/td><td class=\"column-2\">Entamer une proc\u00e9dure de divorce<\/td>\n<\/tr>\n<tr class=\"row-14 even\">\n\t<td class=\"column-1\">Un divorcio de mutuo acuerdo<\/td><td class=\"column-2\">Un divorce par consentement mutuel<\/td>\n<\/tr>\n<tr class=\"row-15 odd\">\n\t<td class=\"column-1\">El convenio<\/td><td class=\"column-2\">L'accord<\/td>\n<\/tr>\n<tr class=\"row-16 even\">\n\t<td class=\"column-1\">La v\u00eda legal amistosa<\/td><td class=\"column-2\">Le r\u00e8glement \u00e0 l'amiable<\/td>\n<\/tr>\n<tr class=\"row-17 odd\">\n\t<td class=\"column-1\">El v\u00ednculo matrimonial<\/td><td class=\"column-2\">Le lien matrimonial<\/td>\n<\/tr>\n<tr class=\"row-18 even\">\n\t<td class=\"column-1\">La relaci\u00f3n conyugal<\/td><td class=\"column-2\">La relation conjugale<\/td>\n<\/tr>\n<tr class=\"row-19 odd\">\n\t<td class=\"column-1\">La no convivencia<\/td><td class=\"column-2\">La s\u00e9paration de corps<\/td>\n<\/tr>\n<\/tbody>\n<\/table>\n\n<h2><a id=\"post-6395-_bvag3y8g71o5\"><\/a>Exemples de phrases<\/h2>\n<ul>\n<li>El hecho de que cuando el marido es traficante la mujer no pueda solicitar<strong> el divorcio<\/strong>.<\/li>\n<li>Sin embargo, la verdadera escuela del perd\u00f3n se vive en la <strong>relaci\u00f3n conyugal<\/strong> y solamente despu\u00e9s se puede extender a los hijos y a los dem\u00e1s.<\/li>\n<li>A todas aquellas <strong>parejas casadas <\/strong>o que se quieren casar, al cada vez m\u00e1s creciente grupo de las que conviven antes de contraer matrimonio<\/li>\n<\/ul>\n<h2>Le vocabulaire de la maison<\/h2>\n\n<table id=\"tablepress-2274\" class=\"tablepress tablepress-id-2274\">\n<thead>\n<tr class=\"row-1 odd\">\n\t<th class=\"column-1\">Espagnol<\/th><th class=\"column-2\">Fran\u00e7ais<\/th>\n<\/tr>\n<\/thead>\n<tbody class=\"row-hover\">\n<tr class=\"row-2 even\">\n\t<td class=\"column-1\">un armario<\/td><td class=\"column-2\">une armoire<\/td>\n<\/tr>\n<tr class=\"row-3 odd\">\n\t<td class=\"column-1\">un balc\u00f3n<\/td><td class=\"column-2\">un balcon<\/td>\n<\/tr>\n<tr class=\"row-4 even\">\n\t<td class=\"column-1\">un ba\u00f1o<\/td><td class=\"column-2\">une salle de bains<\/td>\n<\/tr>\n<tr class=\"row-5 odd\">\n\t<td class=\"column-1\">un comedor<\/td><td class=\"column-2\">une salle \u00e0 manger<\/td>\n<\/tr>\n<tr class=\"row-6 even\">\n\t<td class=\"column-1\">un cuarto \/ una habitaci\u00f3n<\/td><td class=\"column-2\">une chambre \/ une pi\u00e8ce<\/td>\n<\/tr>\n<tr class=\"row-7 odd\">\n\t<td class=\"column-1\">un despacho \/ un estudio<\/td><td class=\"column-2\">un bureau<\/td>\n<\/tr>\n<tr class=\"row-8 even\">\n\t<td class=\"column-1\">un dormitorio<\/td><td class=\"column-2\">une chambre \u00e0 coucher<\/td>\n<\/tr>\n<tr class=\"row-9 odd\">\n\t<td class=\"column-1\">un espejo<\/td><td class=\"column-2\">un miroir<\/td>\n<\/tr>\n<tr class=\"row-10 even\">\n\t<td class=\"column-1\">un fregadero<\/td><td class=\"column-2\">un \u00e9vier<\/td>\n<\/tr>\n<tr class=\"row-11 odd\">\n\t<td class=\"column-1\">un horno<\/td><td class=\"column-2\">un four<\/td>\n<\/tr>\n<tr class=\"row-12 even\">\n\t<td class=\"column-1\">un horno microondas<\/td><td class=\"column-2\">un four \u00e0 micro-ondes<\/td>\n<\/tr>\n<tr class=\"row-13 odd\">\n\t<td class=\"column-1\">un jard\u00edn<\/td><td class=\"column-2\">un jardin<\/td>\n<\/tr>\n<tr class=\"row-14 even\">\n\t<td class=\"column-1\">un lavabo \/ un lavamanos<\/td><td class=\"column-2\">un lavabo<\/td>\n<\/tr>\n<tr class=\"row-15 odd\">\n\t<td class=\"column-1\">un lavadero<\/td><td class=\"column-2\">un lavoir<\/td>\n<\/tr>\n<tr class=\"row-16 even\">\n\t<td class=\"column-1\">un lavaplatos<\/td><td class=\"column-2\">un lave-vaisselle<\/td>\n<\/tr>\n<tr class=\"row-17 odd\">\n\t<td class=\"column-1\">un pasillo \/ un corredor<\/td><td class=\"column-2\">un couloir<\/td>\n<\/tr>\n<tr class=\"row-18 even\">\n\t<td class=\"column-1\">un patio<\/td><td class=\"column-2\">une cour<\/td>\n<\/tr>\n<tr class=\"row-19 odd\">\n\t<td class=\"column-1\">un sal\u00f3n<\/td><td class=\"column-2\">un salon<\/td>\n<\/tr>\n<tr class=\"row-20 even\">\n\t<td class=\"column-1\">un s\u00f3tano<\/td><td class=\"column-2\">un sous-sol<\/td>\n<\/tr>\n<tr class=\"row-21 odd\">\n\t<td class=\"column-1\">un techo<\/td><td class=\"column-2\">un plafond<\/td>\n<\/tr>\n<tr class=\"row-22 even\">\n\t<td class=\"column-1\">una ba\u00f1era<\/td><td class=\"column-2\">une baignoire<\/td>\n<\/tr>\n<tr class=\"row-23 odd\">\n\t<td class=\"column-1\">una cama<\/td><td class=\"column-2\">un lit<\/td>\n<\/tr>\n<tr class=\"row-24 even\">\n\t<td class=\"column-1\">una cocina<\/td><td class=\"column-2\">une cuisine<\/td>\n<\/tr>\n<tr class=\"row-25 odd\">\n\t<td class=\"column-1\">una cocina (Esp.) \/ una estufa (Am\u00e9r.)<\/td><td class=\"column-2\">une cuisini\u00e8re<\/td>\n<\/tr>\n<tr class=\"row-26 even\">\n\t<td class=\"column-1\">una escalera<\/td><td class=\"column-2\">un escalier<\/td>\n<\/tr>\n<tr class=\"row-27 odd\">\n\t<td class=\"column-1\">una lavadora<\/td><td class=\"column-2\">une machine \u00e0 laver<\/td>\n<\/tr>\n<tr class=\"row-28 even\">\n\t<td class=\"column-1\">una mesa<\/td><td class=\"column-2\">une table<\/td>\n<\/tr>\n<tr class=\"row-29 odd\">\n\t<td class=\"column-1\">una nevera<\/td><td class=\"column-2\">un r\u00e9frig\u00e9rateur<\/td>\n<\/tr>\n<tr class=\"row-30 even\">\n\t<td class=\"column-1\">una puerta<\/td><td class=\"column-2\">une porte<\/td>\n<\/tr>\n<tr class=\"row-31 odd\">\n\t<td class=\"column-1\">una silla<\/td><td class=\"column-2\">une chaise<\/td>\n<\/tr>\n<tr class=\"row-32 even\">\n\t<td class=\"column-1\">una terraza<\/td><td class=\"column-2\">une terrasse<\/td>\n<\/tr>\n<tr class=\"row-33 odd\">\n\t<td class=\"column-1\">una ventana<\/td><td class=\"column-2\">une fen\u00eatre<\/td>\n<\/tr>\n<\/tbody>\n<\/table>\n\n<h3><a id=\"post-6395-_emc5uo6b0qhr\"><\/a>Exemples de phrases<\/h3>\n<ul>\n<li>S\u00ed, pero si te sientas en<strong> una silla <\/strong>para que no te duela y vas a hacer zazen con tu ego sobre la silla no llegar\u00e1s a nada.<\/li>\n<li>Cuando me levanto por la ma\u00f1ana, voy a mi estudio y empiezo a <strong>construir una ventana <\/strong>para un cliente.<\/li>\n<li>El ba\u00f1o, moderno y funcional, con el inodoro separado, est\u00e1<strong> provisto de ba\u00f1era y lavadora. <\/strong><\/li>\n<li>Desde el sal\u00f3n de un<strong> pasillo, <\/strong>que tiene un armario de almacenamiento \u00fatil, son las tres habitaciones dobles con el dormitorio<\/li>\n<li>Una cocina completa al aire libre con una barbacoa y <strong>un fregadero <\/strong>de buen tama\u00f1o.<\/li>\n<li>Si se va a instalar<strong> un plaf\u00f3n (cielo raso<\/strong>) de f\u00e1brica despu\u00e9s de que los paneles de pared est\u00e9n colocados, las tiras revestidas.<\/li>\n<\/ul>\n<h2>Apprendre le vocabulaire espagnol avec GlobalExam<\/h2>\n<p>GlobalExam vous accompagne pour enrichir votre vocabulaire en espagnol. A l\u2019aide de <strong>nombreuses fiches de vocabulaire<\/strong> vous pourrez apprendre de nouveaux mots et travailler par th\u00e8mes. En r\u00e9alisant les exercices que nous proposons vous vous habituerez \u00e0 utiliser et \u00e0 comprendre ces <strong>mots dans un contexte. <\/strong>En effet, nous vous proposons des <strong>exercices audios \u00e0 \u00e9couter <\/strong>et il faudra associer la bonne r\u00e9ponse \u00e0 ce que vous entendrez, vous devrez \u00e9galement compl\u00e9ter des phrases \u00e0 l\u2019\u00e9crit avec le bon mot, et apprendre \u00e0 r\u00e9diger vous-m\u00eame des phrases.<\/p>\n<p>Sur votre plateforme personnalis\u00e9e <strong>vous aurez la possibilit\u00e9 de suivre vos progr\u00e8s \u00e0 l\u2019aide de statistiques <\/strong>et constater l\u2019\u00e9volution de vos connaissances, vous serez donc motiv\u00e9s pour apprendre toujours plus de nouveaux mots!<\/p>\n<p>Vous pourrez choisir parmi plus de 20 parcours disponibles selon votre objectif !<\/p>\n<p><strong>Pour les exercices choisissez le parcours objectif<\/strong><\/p>\n<p>Laissez-vous guider au travers des exercices et fiches dont vous avez besoin pour augmenter votre score sur l\u2019ensemble de votre examen.<\/p>\n<p><strong>Pour optimiser votre score adoptez le parcours section<\/strong><\/p>\n<p>Choisissez la section sur laquelle vous souhaitez gagner des points, entra\u00eenez-vous et augmentez votre score !<\/p>\n<p><strong>Vous pr\u00e9f\u00e9rez travailler les comp\u00e9tences alors essayez le parcours comp\u00e9tences<\/strong><\/p>\n<p>Choisissez une comp\u00e9tence et progressez une notion apr\u00e8s l\u2019autre gr\u00e2ce \u00e0 des fiches et des exercices types.<\/p>\n<\/div><\/div><style type=\"text\/css\">.fusion-body .fusion-builder-column-2{width:100% !important;margin-top : 0px;margin-bottom : 0px;}.fusion-builder-column-2 > .fusion-column-wrapper {padding-top : 0px !important;padding-right : 0px !important;margin-right : 1.92%;padding-bottom : 0px !important;padding-left : 0px !important;margin-left : 1.92%;}@media only screen and (max-width:1024px) {.fusion-body .fusion-builder-column-2{width:100% !important;}.fusion-builder-column-2 > .fusion-column-wrapper {margin-right : 1.92%;margin-left : 1.92%;}}@media only screen and (max-width:640px) {.fusion-body .fusion-builder-column-2{width:100% !important;}.fusion-builder-column-2 > .fusion-column-wrapper {margin-right : 1.92%;margin-left : 1.92%;}}<\/style><\/div><\/div><style type=\"text\/css\">.fusion-body .fusion-flex-container.fusion-builder-row-3{ padding-top : 0px;margin-top : 0px;padding-right : 0px;padding-bottom : 0px;margin-bottom : 0px;padding-left : 0px;}<\/style><\/div><\/p>\n","protected":false},"excerpt":{"rendered":"","protected":false},"author":1,"featured_media":51308,"comment_status":"closed","ping_status":"closed","sticky":false,"template":"","format":"standard","meta":[],"categories":[1798],"tags":[],"acf":[],"yoast_head":"<!-- This site is optimized with the Yoast SEO plugin v17.2.1 - https:\/\/yoast.com\/wordpress\/plugins\/seo\/ -->\n<title>Parler de la famille et de la maison en espagnol<\/title>\n<meta name=\"description\" content=\"Ce vocabulaire vous sera utile pour parler de la famille et de la douleur avec le verbe \u00ab tener \u00bb.\u00a0\" \/>\n<meta name=\"robots\" content=\"index, follow, max-snippet:-1, max-image-preview:large, max-video-preview:-1\" \/>\n<link rel=\"canonical\" href=\"https:\/\/global-exam.com\/blog\/fr\/dele-utiliser-le-verbe-tener-pour-parler-de-la-famille-et-de-la-douleur\/\" \/>\n<meta property=\"og:locale\" content=\"fr_FR\" \/>\n<meta property=\"og:type\" content=\"article\" \/>\n<meta property=\"og:title\" content=\"Parler de la famille et de la maison en espagnol\" \/>\n<meta property=\"og:description\" content=\"Ce vocabulaire vous sera utile pour parler de la famille et de la douleur avec le verbe \u00ab tener \u00bb.\u00a0\" \/>\n<meta property=\"og:url\" content=\"https:\/\/global-exam.com\/blog\/fr\/dele-utiliser-le-verbe-tener-pour-parler-de-la-famille-et-de-la-douleur\/\" \/>\n<meta property=\"og:site_name\" content=\"GlobalExam Blog\" \/>\n<meta property=\"article:publisher\" content=\"https:\/\/www.facebook.com\/Global.Exam\" \/>\n<meta property=\"article:published_time\" content=\"2017-06-22T22:00:00+00:00\" \/>\n<meta property=\"article:modified_time\" content=\"2022-08-24T13:01:41+00:00\" \/>\n<meta property=\"og:image\" content=\"https:\/\/global-exam.com\/blog\/wp-content\/uploads\/2017\/06\/family-2485714_1280-e1629361682675.jpg\" \/>\n\t<meta property=\"og:image:width\" content=\"600\" \/>\n\t<meta property=\"og:image:height\" content=\"275\" \/>\n<meta name=\"twitter:card\" content=\"summary_large_image\" \/>\n<meta name=\"twitter:creator\" content=\"@Global_Exam\" \/>\n<meta name=\"twitter:site\" content=\"@Global_Exam\" \/>\n<meta name=\"twitter:label1\" content=\"\u00c9crit par\" \/>\n\t<meta name=\"twitter:data1\" content=\"admin\" \/>\n\t<meta name=\"twitter:label2\" content=\"Dur\u00e9e de lecture estim\u00e9e\" \/>\n\t<meta name=\"twitter:data2\" content=\"3 minutes\" \/>\n<script type=\"application\/ld+json\" class=\"yoast-schema-graph\">{\"@context\":\"https:\/\/schema.org\",\"@graph\":[{\"@type\":\"WebSite\",\"@id\":\"https:\/\/global-exam.com\/blog\/#website\",\"url\":\"https:\/\/global-exam.com\/blog\/\",\"name\":\"GlobalExam Blog\",\"description\":\"Le blog du sp\\u00e9cialiste de la certification linguistique\",\"potentialAction\":[{\"@type\":\"SearchAction\",\"target\":{\"@type\":\"EntryPoint\",\"urlTemplate\":\"https:\/\/global-exam.com\/blog\/?s={search_term_string}\"},\"query-input\":\"required name=search_term_string\"}],\"inLanguage\":\"fr-FR\"},{\"@type\":\"ImageObject\",\"@id\":\"https:\/\/global-exam.com\/blog\/fr\/dele-utiliser-le-verbe-tener-pour-parler-de-la-famille-et-de-la-douleur\/#primaryimage\",\"inLanguage\":\"fr-FR\",\"url\":\"https:\/\/global-exam.com\/blog\/wp-content\/uploads\/2017\/06\/family-2485714_1280-e1629361682675.jpg\",\"contentUrl\":\"https:\/\/global-exam.com\/blog\/wp-content\/uploads\/2017\/06\/family-2485714_1280-e1629361682675.jpg\",\"width\":600,\"height\":275,\"caption\":\"Parler de la famille en espagnol\"},{\"@type\":\"WebPage\",\"@id\":\"https:\/\/global-exam.com\/blog\/fr\/dele-utiliser-le-verbe-tener-pour-parler-de-la-famille-et-de-la-douleur\/#webpage\",\"url\":\"https:\/\/global-exam.com\/blog\/fr\/dele-utiliser-le-verbe-tener-pour-parler-de-la-famille-et-de-la-douleur\/\",\"name\":\"Parler de la famille et de la maison en espagnol\",\"isPartOf\":{\"@id\":\"https:\/\/global-exam.com\/blog\/#website\"},\"primaryImageOfPage\":{\"@id\":\"https:\/\/global-exam.com\/blog\/fr\/dele-utiliser-le-verbe-tener-pour-parler-de-la-famille-et-de-la-douleur\/#primaryimage\"},\"datePublished\":\"2017-06-22T22:00:00+00:00\",\"dateModified\":\"2022-08-24T13:01:41+00:00\",\"author\":{\"@id\":\"https:\/\/global-exam.com\/blog\/#\/schema\/person\/50fc6f506fe496587b7789d5c174e99d\"},\"description\":\"Ce vocabulaire vous sera utile pour parler de la famille et de la douleur avec le verbe \\u00ab tener \\u00bb.\\u00a0\",\"breadcrumb\":{\"@id\":\"https:\/\/global-exam.com\/blog\/fr\/dele-utiliser-le-verbe-tener-pour-parler-de-la-famille-et-de-la-douleur\/#breadcrumb\"},\"inLanguage\":\"fr-FR\",\"potentialAction\":[{\"@type\":\"ReadAction\",\"target\":[\"https:\/\/global-exam.com\/blog\/fr\/dele-utiliser-le-verbe-tener-pour-parler-de-la-famille-et-de-la-douleur\/\"]}]},{\"@type\":\"BreadcrumbList\",\"@id\":\"https:\/\/global-exam.com\/blog\/fr\/dele-utiliser-le-verbe-tener-pour-parler-de-la-famille-et-de-la-douleur\/#breadcrumb\",\"itemListElement\":[{\"@type\":\"ListItem\",\"position\":1,\"name\":\"DELE\",\"item\":\"https:\/\/global-exam.com\/blog\/fr\/examens\/dele\/\"},{\"@type\":\"ListItem\",\"position\":2,\"name\":\"Vocabulaire DELE\",\"item\":\"https:\/\/global-exam.com\/blog\/fr\/examens\/dele\/categorie-vocabulaire-dele\/\"},{\"@type\":\"ListItem\",\"position\":3,\"name\":\"Parler de la famille et de la maison en espagnol\"}]},{\"@type\":\"Person\",\"@id\":\"https:\/\/global-exam.com\/blog\/#\/schema\/person\/50fc6f506fe496587b7789d5c174e99d\",\"name\":\"admin\",\"image\":{\"@type\":\"ImageObject\",\"@id\":\"https:\/\/global-exam.com\/blog\/#personlogo\",\"inLanguage\":\"fr-FR\",\"url\":\"https:\/\/secure.gravatar.com\/avatar\/e8e29f615098aa0e9a914985d7d7d546?s=96&d=mm&r=g\",\"contentUrl\":\"https:\/\/secure.gravatar.com\/avatar\/e8e29f615098aa0e9a914985d7d7d546?s=96&d=mm&r=g\",\"caption\":\"admin\"}}]}<\/script>\n<!-- \/ Yoast SEO plugin. -->","yoast_head_json":{"title":"Parler de la famille et de la maison en espagnol","description":"Ce vocabulaire vous sera utile pour parler de la famille et de la douleur avec le verbe \u00ab tener \u00bb.\u00a0","robots":{"index":"index","follow":"follow","max-snippet":"max-snippet:-1","max-image-preview":"max-image-preview:large","max-video-preview":"max-video-preview:-1"},"canonical":"https:\/\/global-exam.com\/blog\/fr\/dele-utiliser-le-verbe-tener-pour-parler-de-la-famille-et-de-la-douleur\/","og_locale":"fr_FR","og_type":"article","og_title":"Parler de la famille et de la maison en espagnol","og_description":"Ce vocabulaire vous sera utile pour parler de la famille et de la douleur avec le verbe \u00ab tener \u00bb.\u00a0","og_url":"https:\/\/global-exam.com\/blog\/fr\/dele-utiliser-le-verbe-tener-pour-parler-de-la-famille-et-de-la-douleur\/","og_site_name":"GlobalExam Blog","article_publisher":"https:\/\/www.facebook.com\/Global.Exam","article_published_time":"2017-06-22T22:00:00+00:00","article_modified_time":"2022-08-24T13:01:41+00:00","og_image":[{"width":600,"height":275,"url":"https:\/\/global-exam.com\/blog\/wp-content\/uploads\/2017\/06\/family-2485714_1280-e1629361682675.jpg","path":"\/home\/forge\/prod-20220704.global-exam.com\/wp-content\/uploads\/2017\/06\/family-2485714_1280-e1629361682675.jpg","size":"full","id":51308,"alt":"Parler de la famille en espagnol","pixels":165000,"type":"image\/jpeg"}],"twitter_card":"summary_large_image","twitter_creator":"@Global_Exam","twitter_site":"@Global_Exam","twitter_misc":{"\u00c9crit par":"admin","Dur\u00e9e de lecture estim\u00e9e":"3 minutes"},"schema":{"@context":"https:\/\/schema.org","@graph":[{"@type":"WebSite","@id":"https:\/\/global-exam.com\/blog\/#website","url":"https:\/\/global-exam.com\/blog\/","name":"GlobalExam Blog","description":"Le blog du sp\u00e9cialiste de la certification linguistique","potentialAction":[{"@type":"SearchAction","target":{"@type":"EntryPoint","urlTemplate":"https:\/\/global-exam.com\/blog\/?s={search_term_string}"},"query-input":"required name=search_term_string"}],"inLanguage":"fr-FR"},{"@type":"ImageObject","@id":"https:\/\/global-exam.com\/blog\/fr\/dele-utiliser-le-verbe-tener-pour-parler-de-la-famille-et-de-la-douleur\/#primaryimage","inLanguage":"fr-FR","url":"https:\/\/global-exam.com\/blog\/wp-content\/uploads\/2017\/06\/family-2485714_1280-e1629361682675.jpg","contentUrl":"https:\/\/global-exam.com\/blog\/wp-content\/uploads\/2017\/06\/family-2485714_1280-e1629361682675.jpg","width":600,"height":275,"caption":"Parler de la famille en espagnol"},{"@type":"WebPage","@id":"https:\/\/global-exam.com\/blog\/fr\/dele-utiliser-le-verbe-tener-pour-parler-de-la-famille-et-de-la-douleur\/#webpage","url":"https:\/\/global-exam.com\/blog\/fr\/dele-utiliser-le-verbe-tener-pour-parler-de-la-famille-et-de-la-douleur\/","name":"Parler de la famille et de la maison en espagnol","isPartOf":{"@id":"https:\/\/global-exam.com\/blog\/#website"},"primaryImageOfPage":{"@id":"https:\/\/global-exam.com\/blog\/fr\/dele-utiliser-le-verbe-tener-pour-parler-de-la-famille-et-de-la-douleur\/#primaryimage"},"datePublished":"2017-06-22T22:00:00+00:00","dateModified":"2022-08-24T13:01:41+00:00","author":{"@id":"https:\/\/global-exam.com\/blog\/#\/schema\/person\/50fc6f506fe496587b7789d5c174e99d"},"description":"Ce vocabulaire vous sera utile pour parler de la famille et de la douleur avec le verbe \u00ab tener \u00bb.\u00a0","breadcrumb":{"@id":"https:\/\/global-exam.com\/blog\/fr\/dele-utiliser-le-verbe-tener-pour-parler-de-la-famille-et-de-la-douleur\/#breadcrumb"},"inLanguage":"fr-FR","potentialAction":[{"@type":"ReadAction","target":["https:\/\/global-exam.com\/blog\/fr\/dele-utiliser-le-verbe-tener-pour-parler-de-la-famille-et-de-la-douleur\/"]}]},{"@type":"BreadcrumbList","@id":"https:\/\/global-exam.com\/blog\/fr\/dele-utiliser-le-verbe-tener-pour-parler-de-la-famille-et-de-la-douleur\/#breadcrumb","itemListElement":[{"@type":"ListItem","position":1,"name":"DELE","item":"https:\/\/global-exam.com\/blog\/fr\/examens\/dele\/"},{"@type":"ListItem","position":2,"name":"Vocabulaire DELE","item":"https:\/\/global-exam.com\/blog\/fr\/examens\/dele\/categorie-vocabulaire-dele\/"},{"@type":"ListItem","position":3,"name":"Parler de la famille et de la maison en espagnol"}]},{"@type":"Person","@id":"https:\/\/global-exam.com\/blog\/#\/schema\/person\/50fc6f506fe496587b7789d5c174e99d","name":"admin","image":{"@type":"ImageObject","@id":"https:\/\/global-exam.com\/blog\/#personlogo","inLanguage":"fr-FR","url":"https:\/\/secure.gravatar.com\/avatar\/e8e29f615098aa0e9a914985d7d7d546?s=96&d=mm&r=g","contentUrl":"https:\/\/secure.gravatar.com\/avatar\/e8e29f615098aa0e9a914985d7d7d546?s=96&d=mm&r=g","caption":"admin"}}]}},"lang":"fr","translations":{"fr":6395},"pll_sync_post":[],"_links":{"self":[{"href":"https:\/\/global-exam.com\/blog\/wp-json\/wp\/v2\/posts\/6395"}],"collection":[{"href":"https:\/\/global-exam.com\/blog\/wp-json\/wp\/v2\/posts"}],"about":[{"href":"https:\/\/global-exam.com\/blog\/wp-json\/wp\/v2\/types\/post"}],"author":[{"embeddable":true,"href":"https:\/\/global-exam.com\/blog\/wp-json\/wp\/v2\/users\/1"}],"replies":[{"embeddable":true,"href":"https:\/\/global-exam.com\/blog\/wp-json\/wp\/v2\/comments?post=6395"}],"version-history":[{"count":6,"href":"https:\/\/global-exam.com\/blog\/wp-json\/wp\/v2\/posts\/6395\/revisions"}],"predecessor-version":[{"id":78623,"href":"https:\/\/global-exam.com\/blog\/wp-json\/wp\/v2\/posts\/6395\/revisions\/78623"}],"wp:featuredmedia":[{"embeddable":true,"href":"https:\/\/global-exam.com\/blog\/wp-json\/wp\/v2\/media\/51308"}],"wp:attachment":[{"href":"https:\/\/global-exam.com\/blog\/wp-json\/wp\/v2\/media?parent=6395"}],"wp:term":[{"taxonomy":"category","embeddable":true,"href":"https:\/\/global-exam.com\/blog\/wp-json\/wp\/v2\/categories?post=6395"},{"taxonomy":"post_tag","embeddable":true,"href":"https:\/\/global-exam.com\/blog\/wp-json\/wp\/v2\/tags?post=6395"}],"curies":[{"name":"wp","href":"https:\/\/api.w.org\/{rel}","templated":true}]}}